{"id":26940,"date":"2015-03-19T11:56:22","date_gmt":"2015-03-19T09:56:22","guid":{"rendered":"http:\/\/www.sana.sy\/tr\/?p=26940"},"modified":"2015-03-20T13:26:01","modified_gmt":"2015-03-20T11:26:01","slug":"tunus-vatani-muzesine-yonelik-dunku-teror-saldirisini-siddetle-kinadi","status":"publish","type":"post","link":"https:\/\/archive.sana.sy\/tr\/?p=26940","title":{"rendered":"Tunus Vatani M\u00fczesine Y\u00f6nelik D\u00fcnk\u00fc Ter\u00f6r Sald\u0131r\u0131s\u0131 \u015eiddetle K\u0131nand\u0131"},"content":{"rendered":"<p>\u015eAM &#8211; Suriye, Tunus Vatani M\u00fczesine y\u00f6nelik d\u00fczenlenen ter\u00f6r sald\u0131r\u0131s\u0131n\u0131 \u015fiddetle k\u0131nayarak, karde\u015f Tunus\u2019la dayan\u0131\u015fmas\u0131n\u0131 kurbanlar\u0131n ailelerine en derin taziyelerini sundu.<\/p>\n<p>D\u0131\u015fi\u015fleri ve Gurbet\u00e7iler Bakanl\u0131\u011f\u0131\u2019n\u0131n yay\u0131nlad\u0131\u011f\u0131 ve SANA\u2019n\u0131n bir n\u00fcshas\u0131n\u0131 ald\u0131\u011f\u0131 beyanda, s\u00f6z konusu kanl\u0131 ter\u00f6r eyleminin, ter\u00f6r\u00fcn ne dini ne de vatan\u0131n\u0131n olmad\u0131\u011f\u0131n\u0131 bir kez daha kan\u0131tlad\u0131\u011f\u0131n\u0131 bu y\u00fczden, Suriye Arap Cumhuriyeti, d\u00fcnyan\u0131n d\u00f6rt bir yan\u0131nda bar\u0131\u015f, g\u00fcven ve istikrar\u0131na tehdit te\u015fkil eden ter\u00f6r\u00fcn ortadan kald\u0131r\u0131lmas\u0131 i\u00e7in uluslararas\u0131 me\u015fruiyet gere\u011fince b\u00f6lgesel ve uluslararas\u0131 b\u00fct\u00fcn \u00e7abalar\u0131n birle\u015ftirilmesine y\u00f6nelik davetini bir kez daha yineledi\u011fini vurgulad\u0131.<\/p>\n<p>Tunus\u2019un Ba\u015fkenti Tunus do\u011fusundaki Bardo M\u00fczesini hedef alan d\u00fcnk\u00fc kanl\u0131 ter\u00f6r sald\u0131r\u0131s\u0131 sonucunda aralar\u0131nda 20 turistin bulundu\u011fu 22 ki\u015fi hayat\u0131n\u0131 kaybetmi\u015f yakla\u015f\u0131k 42 ki\u015fide yaralanm\u0131\u015ft\u0131.<\/p>\n<p>S.\u015e<\/p>\n","protected":false},"excerpt":{"rendered":"<p>\u015eAM &#8211; Suriye, Tunus Vatani M\u00fczesine y\u00f6nelik d\u00fczenlenen ter\u00f6r sald\u0131r\u0131s\u0131n\u0131 \u015fiddetle k\u0131nayarak, karde\u015f Tunus\u2019la dayan\u0131\u015fmas\u0131n\u0131 kurbanlar\u0131n ailelerine en derin taziyelerini sundu. D\u0131\u015fi\u015fleri ve Gurbet\u00e7iler Bakanl\u0131\u011f\u0131\u2019n\u0131n yay\u0131nlad\u0131\u011f\u0131 ve SANA\u2019n\u0131n bir n\u00fcshas\u0131n\u0131 ald\u0131\u011f\u0131 beyanda, s\u00f6z konusu kanl\u0131 ter\u00f6r eyleminin, ter\u00f6r\u00fcn ne dini ne de vatan\u0131n\u0131n olmad\u0131\u011f\u0131n\u0131 bir kez daha kan\u0131tlad\u0131\u011f\u0131n\u0131 bu y\u00fczden, Suriye Arap Cumhuriyeti, d\u00fcnyan\u0131n d\u00f6rt &hellip;<\/p>\n","protected":false},"author":1,"featured_media":20100,"comment_status":"closed","ping_status":"closed","sticky":false,"template":"","format":"standard","meta":{"footnotes":""},"categories":[2554],"tags":[12722],"class_list":["post-26940","post","type-post","status-publish","format-standard","has-post-thumbnail","","category-suriye-ve-dunya","tag-tunus-vatani-muzesine-yonelik-dunku-teror-saldirisi-siddetle-kinandi"],"_links":{"self":[{"href":"https:\/\/archive.sana.sy\/tr\/index.php?rest_route=\/wp\/v2\/posts\/26940","targetHints":{"allow":["GET"]}}],"collection":[{"href":"https:\/\/archive.sana.sy\/tr\/index.php?rest_route=\/wp\/v2\/posts"}],"about":[{"href":"https:\/\/archive.sana.sy\/tr\/index.php?rest_route=\/wp\/v2\/types\/post"}],"author":[{"embeddable":true,"href":"https:\/\/archive.sana.sy\/tr\/index.php?rest_route=\/wp\/v2\/users\/1"}],"replies":[{"embeddable":true,"href":"https:\/\/archive.sana.sy\/tr\/index.php?rest_route=%2Fwp%2Fv2%2Fcomments&post=26940"}],"version-history":[{"count":0,"href":"https:\/\/archive.sana.sy\/tr\/index.php?rest_route=\/wp\/v2\/posts\/26940\/revisions"}],"wp:featuredmedia":[{"embeddable":true,"href":"https:\/\/archive.sana.sy\/tr\/index.php?rest_route=\/wp\/v2\/media\/20100"}],"wp:attachment":[{"href":"https:\/\/archive.sana.sy\/tr\/index.php?rest_route=%2Fwp%2Fv2%2Fmedia&parent=26940"}],"wp:term":[{"taxonomy":"category","embeddable":true,"href":"https:\/\/archive.sana.sy\/tr\/index.php?rest_route=%2Fwp%2Fv2%2Fcategories&post=26940"},{"taxonomy":"post_tag","embeddable":true,"href":"https:\/\/archive.sana.sy\/tr\/index.php?rest_route=%2Fwp%2Fv2%2Ftags&post=26940"}],"curies":[{"name":"wp","href":"https:\/\/api.w.org\/{rel}","templated":true}]}}