{"id":26943,"date":"2015-03-19T12:02:04","date_gmt":"2015-03-19T10:02:04","guid":{"rendered":"http:\/\/www.sana.sy\/tr\/?p=26943"},"modified":"2015-03-19T12:02:04","modified_gmt":"2015-03-19T10:02:04","slug":"askeri-kaynak-sanaya-aciklamasinda-ordu-birliklerimizin-homs-resten-kirsalinin-hos-kubeybat-koyune-yonelik-teror-saldirisini-cokerttiklerini-homs-dogu-kirsali-cub-el-cirah-kenti-dogusunda","status":"publish","type":"post","link":"https:\/\/archive.sana.sy\/tr\/?p=26943","title":{"rendered":"Askeri kaynak SANA\u2019ya a\u00e7\u0131klamas\u0131nda, ordu birliklerimizin, Homs Resten k\u0131rsal\u0131n\u0131n Ho\u015f Kubeybat K\u00f6y\u00fcne y\u00f6nelik ter\u00f6r sald\u0131r\u0131s\u0131n\u0131 \u00e7\u00f6kerttiklerini, Homs do\u011fu k\u0131rsal\u0131 Cub el Cirah Kenti do\u011fusunda ter\u00f6ristlere ait bir z\u0131rhl\u0131 arac\u0131 imha ettiklerini s\u00f6yledi."},"content":{"rendered":"<p>Askeri kaynak SANA\u2019ya a\u00e7\u0131klamas\u0131nda, ordu birliklerimizin, Homs Resten k\u0131rsal\u0131n\u0131n Ho\u015f Kubeybat K\u00f6y\u00fcne y\u00f6nelik ter\u00f6r sald\u0131r\u0131s\u0131n\u0131 \u00e7\u00f6kerttiklerini, Homs do\u011fu k\u0131rsal\u0131 Cub el Cirah Kenti do\u011fusunda ter\u00f6ristlere ait bir z\u0131rhl\u0131 arac\u0131 imha ettiklerini s\u00f6yledi.<\/p>\n","protected":false},"excerpt":{"rendered":"<p>Askeri kaynak SANA\u2019ya a\u00e7\u0131klamas\u0131nda, ordu birliklerimizin, Homs Resten k\u0131rsal\u0131n\u0131n Ho\u015f Kubeybat K\u00f6y\u00fcne y\u00f6nelik ter\u00f6r sald\u0131r\u0131s\u0131n\u0131 \u00e7\u00f6kerttiklerini, Homs do\u011fu k\u0131rsal\u0131 Cub el Cirah Kenti do\u011fusunda ter\u00f6ristlere ait bir z\u0131rhl\u0131 arac\u0131 imha ettiklerini s\u00f6yledi.<\/p>\n","protected":false},"author":1,"featured_media":0,"comment_status":"closed","ping_status":"closed","sticky":false,"template":"","format":"standard","meta":{"footnotes":""},"categories":[1],"tags":[1049,12720,12719,1247],"class_list":["post-26943","post","type-post","status-publish","format-standard","","category-news-not-sorted","tag-askeri-kaynak-sanaya-aciklamasinda","tag-homs-dogu-kirsali-cub-el-cirah-kenti-dogusunda-teroristlere-ait-bir-zirhli-araci-imha-ettiklerini-soyledi","tag-homs-resten-kirsalinin-hos-kubeybat-koyune-yonelik-teror-saldirisini-cokerttiklerini","tag-ordu-birliklerimizin"],"_links":{"self":[{"href":"https:\/\/archive.sana.sy\/tr\/index.php?rest_route=\/wp\/v2\/posts\/26943","targetHints":{"allow":["GET"]}}],"collection":[{"href":"https:\/\/archive.sana.sy\/tr\/index.php?rest_route=\/wp\/v2\/posts"}],"about":[{"href":"https:\/\/archive.sana.sy\/tr\/index.php?rest_route=\/wp\/v2\/types\/post"}],"author":[{"embeddable":true,"href":"https:\/\/archive.sana.sy\/tr\/index.php?rest_route=\/wp\/v2\/users\/1"}],"replies":[{"embeddable":true,"href":"https:\/\/archive.sana.sy\/tr\/index.php?rest_route=%2Fwp%2Fv2%2Fcomments&post=26943"}],"version-history":[{"count":0,"href":"https:\/\/archive.sana.sy\/tr\/index.php?rest_route=\/wp\/v2\/posts\/26943\/revisions"}],"wp:attachment":[{"href":"https:\/\/archive.sana.sy\/tr\/index.php?rest_route=%2Fwp%2Fv2%2Fmedia&parent=26943"}],"wp:term":[{"taxonomy":"category","embeddable":true,"href":"https:\/\/archive.sana.sy\/tr\/index.php?rest_route=%2Fwp%2Fv2%2Fcategories&post=26943"},{"taxonomy":"post_tag","embeddable":true,"href":"https:\/\/archive.sana.sy\/tr\/index.php?rest_route=%2Fwp%2Fv2%2Ftags&post=26943"}],"curies":[{"name":"wp","href":"https:\/\/api.w.org\/{rel}","templated":true}]}}