{"id":26945,"date":"2015-03-19T12:10:41","date_gmt":"2015-03-19T10:10:41","guid":{"rendered":"http:\/\/www.sana.sy\/tr\/?p=26945"},"modified":"2015-03-19T12:05:41","modified_gmt":"2015-03-19T10:05:41","slug":"askeri-kaynak-ordu-birliklerimizin-idlib-kirsali-kefarmid-cevresinde-bazi-teroristleri-oldurduklerini-ellerinde-bulunan-agir-taramali-silahla-donatilmis-bir-araclarini-da-imha-ettiklerini-belirtti","status":"publish","type":"post","link":"https:\/\/archive.sana.sy\/tr\/?p=26945","title":{"rendered":"Askeri kaynak, ordu birliklerimizin \u0130dlib k\u0131rsal\u0131 Kefarmid \u00e7evresinde baz\u0131 ter\u00f6ristleri \u00f6ld\u00fcrd\u00fcklerini ellerinde bulunan a\u011f\u0131r taramal\u0131 silahla donat\u0131lm\u0131\u015f bir ara\u00e7lar\u0131n\u0131 da imha ettiklerini belirtti."},"content":{"rendered":"<p>Askeri kaynak, ordu birliklerimizin \u0130dlib k\u0131rsal\u0131 Kefarmid \u00e7evresinde baz\u0131 ter\u00f6ristleri \u00f6ld\u00fcrd\u00fcklerini ellerinde bulunan a\u011f\u0131r taramal\u0131 silahla donat\u0131lm\u0131\u015f bir ara\u00e7lar\u0131n\u0131 da imha ettiklerini belirtti.<\/p>\n","protected":false},"excerpt":{"rendered":"<p>Askeri kaynak, ordu birliklerimizin \u0130dlib k\u0131rsal\u0131 Kefarmid \u00e7evresinde baz\u0131 ter\u00f6ristleri \u00f6ld\u00fcrd\u00fcklerini ellerinde bulunan a\u011f\u0131r taramal\u0131 silahla donat\u0131lm\u0131\u015f bir ara\u00e7lar\u0131n\u0131 da imha ettiklerini belirtti.<\/p>\n","protected":false},"author":1,"featured_media":0,"comment_status":"closed","ping_status":"closed","sticky":false,"template":"","format":"standard","meta":{"footnotes":""},"categories":[1],"tags":[1031,12721],"class_list":["post-26945","post","type-post","status-publish","format-standard","","category-news-not-sorted","tag-askeri-kaynak","tag-ordu-birliklerimizin-idlib-kirsali-kefarmid-cevresinde-bazi-teroristleri-oldurduklerini-ellerinde-bulunan-agir-taramali-silahla-donatilmis-bir-araclarini-da-imha-ettiklerini-belirtti"],"_links":{"self":[{"href":"https:\/\/archive.sana.sy\/tr\/index.php?rest_route=\/wp\/v2\/posts\/26945","targetHints":{"allow":["GET"]}}],"collection":[{"href":"https:\/\/archive.sana.sy\/tr\/index.php?rest_route=\/wp\/v2\/posts"}],"about":[{"href":"https:\/\/archive.sana.sy\/tr\/index.php?rest_route=\/wp\/v2\/types\/post"}],"author":[{"embeddable":true,"href":"https:\/\/archive.sana.sy\/tr\/index.php?rest_route=\/wp\/v2\/users\/1"}],"replies":[{"embeddable":true,"href":"https:\/\/archive.sana.sy\/tr\/index.php?rest_route=%2Fwp%2Fv2%2Fcomments&post=26945"}],"version-history":[{"count":0,"href":"https:\/\/archive.sana.sy\/tr\/index.php?rest_route=\/wp\/v2\/posts\/26945\/revisions"}],"wp:attachment":[{"href":"https:\/\/archive.sana.sy\/tr\/index.php?rest_route=%2Fwp%2Fv2%2Fmedia&parent=26945"}],"wp:term":[{"taxonomy":"category","embeddable":true,"href":"https:\/\/archive.sana.sy\/tr\/index.php?rest_route=%2Fwp%2Fv2%2Fcategories&post=26945"},{"taxonomy":"post_tag","embeddable":true,"href":"https:\/\/archive.sana.sy\/tr\/index.php?rest_route=%2Fwp%2Fv2%2Ftags&post=26945"}],"curies":[{"name":"wp","href":"https:\/\/api.w.org\/{rel}","templated":true}]}}