{"id":26950,"date":"2015-03-19T12:24:16","date_gmt":"2015-03-19T10:24:16","guid":{"rendered":"http:\/\/www.sana.sy\/tr\/?p=26950"},"modified":"2015-03-19T12:24:16","modified_gmt":"2015-03-19T10:24:16","slug":"askeri-kaynak-ordu-birliklerimizin-cok-sayida-teroristi-oldurmeleri-ve-araclarini-imha-etmeleri-ardindan-halep-kirsali-handarat-cevresinde-bulunan-bazi-ciftlikleri-tamamen-kontrolleri-altina-aldikla","status":"publish","type":"post","link":"https:\/\/archive.sana.sy\/tr\/?p=26950","title":{"rendered":"Askeri kaynak, ordu birliklerimizin, \u00e7ok say\u0131da ter\u00f6risti \u00f6ld\u00fcrmeleri ve ara\u00e7lar\u0131n\u0131 imha etmeleri ard\u0131ndan Halep k\u0131rsal\u0131 Handarat \u00e7evresinde bulunan baz\u0131 \u00e7iftlikleri tamamen kontrolleri alt\u0131na ald\u0131klar\u0131n\u0131 s\u00f6yledi."},"content":{"rendered":"<p>Askeri kaynak, ordu birliklerimizin, \u00e7ok say\u0131da ter\u00f6risti \u00f6ld\u00fcrmeleri ve ara\u00e7lar\u0131n\u0131 imha etmeleri ard\u0131ndan Halep k\u0131rsal\u0131 Handarat \u00e7evresinde bulunan baz\u0131 \u00e7iftlikleri tamamen kontrolleri alt\u0131na ald\u0131klar\u0131n\u0131 s\u00f6yledi.<\/p>\n","protected":false},"excerpt":{"rendered":"<p>Askeri kaynak, ordu birliklerimizin, \u00e7ok say\u0131da ter\u00f6risti \u00f6ld\u00fcrmeleri ve ara\u00e7lar\u0131n\u0131 imha etmeleri ard\u0131ndan Halep k\u0131rsal\u0131 Handarat \u00e7evresinde bulunan baz\u0131 \u00e7iftlikleri tamamen kontrolleri alt\u0131na ald\u0131klar\u0131n\u0131 s\u00f6yledi.<\/p>\n","protected":false},"author":1,"featured_media":0,"comment_status":"closed","ping_status":"closed","sticky":false,"template":"","format":"standard","meta":{"footnotes":""},"categories":[1],"tags":[1031,12723,1247],"class_list":["post-26950","post","type-post","status-publish","format-standard","","category-news-not-sorted","tag-askeri-kaynak","tag-cok-sayida-teroristi-oldurmeleri-ve-araclarini-imha-etmeleri-ardindan-halep-kirsali-handarat-cevresinde-bulunan-bazi-ciftlikleri-tamamen-kontrolleri-altina-aldiklarini-soyledi","tag-ordu-birliklerimizin"],"_links":{"self":[{"href":"https:\/\/archive.sana.sy\/tr\/index.php?rest_route=\/wp\/v2\/posts\/26950","targetHints":{"allow":["GET"]}}],"collection":[{"href":"https:\/\/archive.sana.sy\/tr\/index.php?rest_route=\/wp\/v2\/posts"}],"about":[{"href":"https:\/\/archive.sana.sy\/tr\/index.php?rest_route=\/wp\/v2\/types\/post"}],"author":[{"embeddable":true,"href":"https:\/\/archive.sana.sy\/tr\/index.php?rest_route=\/wp\/v2\/users\/1"}],"replies":[{"embeddable":true,"href":"https:\/\/archive.sana.sy\/tr\/index.php?rest_route=%2Fwp%2Fv2%2Fcomments&post=26950"}],"version-history":[{"count":0,"href":"https:\/\/archive.sana.sy\/tr\/index.php?rest_route=\/wp\/v2\/posts\/26950\/revisions"}],"wp:attachment":[{"href":"https:\/\/archive.sana.sy\/tr\/index.php?rest_route=%2Fwp%2Fv2%2Fmedia&parent=26950"}],"wp:term":[{"taxonomy":"category","embeddable":true,"href":"https:\/\/archive.sana.sy\/tr\/index.php?rest_route=%2Fwp%2Fv2%2Fcategories&post=26950"},{"taxonomy":"post_tag","embeddable":true,"href":"https:\/\/archive.sana.sy\/tr\/index.php?rest_route=%2Fwp%2Fv2%2Ftags&post=26950"}],"curies":[{"name":"wp","href":"https:\/\/api.w.org\/{rel}","templated":true}]}}