{"id":269509,"date":"2022-12-19T11:48:59","date_gmt":"2022-12-19T09:48:59","guid":{"rendered":"http:\/\/107.6.182.27\/tr\/?p=269509"},"modified":"2022-12-20T07:34:43","modified_gmt":"2022-12-20T05:34:43","slug":"suriyenin-katilimiyla-ucuncu-tahran-diyalog-forumunun-tdf-2022-basladi","status":"publish","type":"post","link":"https:\/\/archive.sana.sy\/tr\/?p=269509","title":{"rendered":"Suriye&#8217;nin kat\u0131l\u0131m\u0131yla \u2026 \u00dc\u00e7\u00fcnc\u00fc Tahran Diyalog Forumu&#8217;nun (TDF 2022) Ba\u015flad\u0131"},"content":{"rendered":"<p><strong>TAHRAN<\/strong> \u2013 (\u0130ran \u0130slam Cumhuriyeti Kom\u015fuluk Politikas\u0131: Dostluk ve G\u00fcven \u0130n\u015fas\u0131na Yakla\u015f\u0131m) ba\u015fl\u0131\u011f\u0131yla alt\u0131nda 3. Tahran Diyalog Forumu (TDF), Suriye&#8217;nin \u0130ran B\u00fcy\u00fckel\u00e7isi Dr. \u015eefik Deyyub ve 36 \u00fclkeden siyasi yetkililer, d\u00fc\u015f\u00fcnce kurulu\u015fu y\u00f6neticileri, arat\u0131rma enstit\u00fcleri, d\u00fc\u015f\u00fcn\u00fcrler ve ara\u015ft\u0131rmac\u0131lar\u0131n kat\u0131l\u0131m\u0131yla bug\u00fcn \u00e7al\u0131\u015fmalar\u0131na ba\u015flad\u0131.<\/p>\n<p>Forum toplant\u0131lar\u0131nda Bat\u0131 Asya&#8217;daki son geli\u015fmeler, K\u00f6rfez&#8217;deki g\u00fcvenlik, enerji g\u00fcvenli\u011fi, Ukrayna krizi ve bunun b\u00f6lgesel ve k\u00fcresel yans\u0131malar\u0131 tart\u0131\u015f\u0131lacak.<\/p>\n<p><a class=\"x1i10hfl xjbqb8w x6umtig x1b1mbwd xaqea5y xav7gou x9f619 x1ypdohk xt0psk2 xe8uvvx xdj266r x11i5rnm xat24cr x1mh8g0r xexx8yu x4uap5 x18d9i69 xkhd6sd x16tdsg8 x1hl2dhg xggy1nq x1a2a7pz xt0b8zv x1qq9wsj xo1l8bm\" tabindex=\"0\" role=\"link\" href=\"https:\/\/www.facebook.com\/hashtag\/telegram_kanal%C4%B1m%C4%B1z?__eep__=6&amp;__cft__[0]=AZUmN62tWYf_O1TKP5bbUbWOB0nUWZqH_NH8IXw7tE5SoKx83giGGIkCquyruwA9HRSnrdbpqwDZzLB8mXbbw6wjZ4QqJ7BA2XQqWIjA2ksEn_F743pdML4BPABo4jFTKIo&amp;__tn__=*NK-R\">#Telegram_Kanal\u0131m\u0131z<\/a>: <a class=\"x1i10hfl xjbqb8w x6umtig x1b1mbwd xaqea5y xav7gou x9f619 x1ypdohk xt0psk2 xe8uvvx xdj266r x11i5rnm xat24cr x1mh8g0r xexx8yu x4uap5 x18d9i69 xkhd6sd x16tdsg8 x1hl2dhg xggy1nq x1a2a7pz xt0b8zv x1fey0fg\" tabindex=\"0\" role=\"link\" href=\"https:\/\/t.me\/SuriyeArapHaberAjans%C4%B1?fbclid=IwAR2lMxt3oJO5xDPWoGtrtN9IjyffI23eBs0riFOxuNLA7vIiueCF1FxgoxE\" target=\"_blank\" rel=\"nofollow noopener\">https:\/\/t.me\/SuriyeArapHaberAjans\u0131<\/a><\/p>\n","protected":false},"excerpt":{"rendered":"<p>TAHRAN \u2013 (\u0130ran \u0130slam Cumhuriyeti Kom\u015fuluk Politikas\u0131: Dostluk ve G\u00fcven \u0130n\u015fas\u0131na Yakla\u015f\u0131m) ba\u015fl\u0131\u011f\u0131yla alt\u0131nda 3. Tahran Diyalog Forumu (TDF), Suriye&#8217;nin \u0130ran B\u00fcy\u00fckel\u00e7isi Dr. \u015eefik Deyyub ve 36 \u00fclkeden siyasi yetkililer, d\u00fc\u015f\u00fcnce kurulu\u015fu y\u00f6neticileri, arat\u0131rma enstit\u00fcleri, d\u00fc\u015f\u00fcn\u00fcrler ve ara\u015ft\u0131rmac\u0131lar\u0131n kat\u0131l\u0131m\u0131yla bug\u00fcn \u00e7al\u0131\u015fmalar\u0131na ba\u015flad\u0131. Forum toplant\u0131lar\u0131nda Bat\u0131 Asya&#8217;daki son geli\u015fmeler, K\u00f6rfez&#8217;deki g\u00fcvenlik, enerji g\u00fcvenli\u011fi, Ukrayna krizi ve &hellip;<\/p>\n","protected":false},"author":39,"featured_media":269510,"comment_status":"closed","ping_status":"closed","sticky":false,"template":"","format":"standard","meta":{"footnotes":""},"categories":[458,459,17988],"tags":[],"class_list":["post-269509","post","type-post","status-publish","format-standard","has-post-thumbnail","","category-dunya1","category-haberler-arap-uluslararasi-politika","category-son-haberler"],"_links":{"self":[{"href":"https:\/\/archive.sana.sy\/tr\/index.php?rest_route=\/wp\/v2\/posts\/269509","targetHints":{"allow":["GET"]}}],"collection":[{"href":"https:\/\/archive.sana.sy\/tr\/index.php?rest_route=\/wp\/v2\/posts"}],"about":[{"href":"https:\/\/archive.sana.sy\/tr\/index.php?rest_route=\/wp\/v2\/types\/post"}],"author":[{"embeddable":true,"href":"https:\/\/archive.sana.sy\/tr\/index.php?rest_route=\/wp\/v2\/users\/39"}],"replies":[{"embeddable":true,"href":"https:\/\/archive.sana.sy\/tr\/index.php?rest_route=%2Fwp%2Fv2%2Fcomments&post=269509"}],"version-history":[{"count":0,"href":"https:\/\/archive.sana.sy\/tr\/index.php?rest_route=\/wp\/v2\/posts\/269509\/revisions"}],"wp:featuredmedia":[{"embeddable":true,"href":"https:\/\/archive.sana.sy\/tr\/index.php?rest_route=\/wp\/v2\/media\/269510"}],"wp:attachment":[{"href":"https:\/\/archive.sana.sy\/tr\/index.php?rest_route=%2Fwp%2Fv2%2Fmedia&parent=269509"}],"wp:term":[{"taxonomy":"category","embeddable":true,"href":"https:\/\/archive.sana.sy\/tr\/index.php?rest_route=%2Fwp%2Fv2%2Fcategories&post=269509"},{"taxonomy":"post_tag","embeddable":true,"href":"https:\/\/archive.sana.sy\/tr\/index.php?rest_route=%2Fwp%2Fv2%2Ftags&post=269509"}],"curies":[{"name":"wp","href":"https:\/\/api.w.org\/{rel}","templated":true}]}}