{"id":269513,"date":"2022-12-19T12:31:42","date_gmt":"2022-12-19T10:31:42","guid":{"rendered":"http:\/\/107.6.182.27\/tr\/?p=269513"},"modified":"2022-12-20T07:35:21","modified_gmt":"2022-12-20T05:35:21","slug":"turk-isgal-gucleri-haseke-kirsalindaki-koylere-saldirilarini-yeniledi-2","status":"publish","type":"post","link":"https:\/\/archive.sana.sy\/tr\/?p=269513","title":{"rendered":"T\u00fcrk \u0130\u015fgal G\u00fc\u00e7leri,\u00a0 Haseke K\u0131rsal\u0131ndaki K\u00f6ylere Sald\u0131r\u0131lar\u0131n\u0131 Yeniledi"},"content":{"rendered":"<p><strong>HASEKE \u2013<\/strong> T\u00fcrk i\u015fgal g\u00fc\u00e7leri ve ter\u00f6r \u00f6rg\u00fctlerine ba\u011fl\u0131 kiral\u0131klar\u0131, Haseke&#8217;nin kuzey k\u0131rsal\u0131ndaki Tel Temr b\u00f6lgesine a\u011f\u0131r top\u00e7u sald\u0131r\u0131lar\u0131n\u0131 yeniledi.<\/p>\n<p>Yerel kaynaklar SANA muhabirine yapt\u0131\u011f\u0131 a\u00e7\u0131klamada, T\u00fcrk i\u015fgal g\u00fc\u00e7leri ve ter\u00f6r \u00f6rg\u00fctlerine ba\u011fl\u0131 kiral\u0131klar\u0131n\u0131n, Haseke k\u0131rsal\u0131ndaki Tel Temr kasabas\u0131n\u0131n bat\u0131s\u0131ndaki El Tawila k\u00f6y\u00fcnde insanlar\u0131n evlerine a\u011f\u0131r toplarla sald\u0131rd\u0131klar\u0131n\u0131, kamu ve \u00f6zel m\u00fclkiyet ile hizmet tesislerinde maddi hasara yol a\u00e7t\u0131\u011f\u0131n\u0131 belirtti.<\/p>\n<p><a class=\"x1i10hfl xjbqb8w x6umtig x1b1mbwd xaqea5y xav7gou x9f619 x1ypdohk xt0psk2 xe8uvvx xdj266r x11i5rnm xat24cr x1mh8g0r xexx8yu x4uap5 x18d9i69 xkhd6sd x16tdsg8 x1hl2dhg xggy1nq x1a2a7pz xt0b8zv x1qq9wsj xo1l8bm\" tabindex=\"0\" role=\"link\" href=\"https:\/\/www.facebook.com\/hashtag\/telegram_kanal%C4%B1m%C4%B1z?__eep__=6&amp;__cft__[0]=AZX-mSNnNc5uBU2hKg5xyNbHaWK7mrGXYG4JNVBP1_YjGCg3sBDnvy-JgPwE-JdgVUQ_GhTi46Aq9tQUMopIw22AsO8MQV7ArSDhBPSH3Zc6Q5YFF7NADX0oHkkdbI6crQw&amp;__tn__=*NK-R\">#Telegram_Kanal\u0131m\u0131z<\/a>: <a class=\"x1i10hfl xjbqb8w x6umtig x1b1mbwd xaqea5y xav7gou x9f619 x1ypdohk xt0psk2 xe8uvvx xdj266r x11i5rnm xat24cr x1mh8g0r xexx8yu x4uap5 x18d9i69 xkhd6sd x16tdsg8 x1hl2dhg xggy1nq x1a2a7pz xt0b8zv x1fey0fg\" tabindex=\"0\" role=\"link\" href=\"https:\/\/t.me\/SuriyeArapHaberAjans%C4%B1?fbclid=IwAR2DUWuW7XPSDQ6pXRbx-CZEeYqCOyPWa5lhehciOiYsf5lnjGmns6ccxaw\" target=\"_blank\" rel=\"nofollow noopener\">https:\/\/t.me\/SuriyeArapHaberAjans\u0131<\/a><\/p>\n","protected":false},"excerpt":{"rendered":"<p>HASEKE \u2013 T\u00fcrk i\u015fgal g\u00fc\u00e7leri ve ter\u00f6r \u00f6rg\u00fctlerine ba\u011fl\u0131 kiral\u0131klar\u0131, Haseke&#8217;nin kuzey k\u0131rsal\u0131ndaki Tel Temr b\u00f6lgesine a\u011f\u0131r top\u00e7u sald\u0131r\u0131lar\u0131n\u0131 yeniledi. Yerel kaynaklar SANA muhabirine yapt\u0131\u011f\u0131 a\u00e7\u0131klamada, T\u00fcrk i\u015fgal g\u00fc\u00e7leri ve ter\u00f6r \u00f6rg\u00fctlerine ba\u011fl\u0131 kiral\u0131klar\u0131n\u0131n, Haseke k\u0131rsal\u0131ndaki Tel Temr kasabas\u0131n\u0131n bat\u0131s\u0131ndaki El Tawila k\u00f6y\u00fcnde insanlar\u0131n evlerine a\u011f\u0131r toplarla sald\u0131rd\u0131klar\u0131n\u0131, kamu ve \u00f6zel m\u00fclkiyet ile hizmet tesislerinde &hellip;<\/p>\n","protected":false},"author":39,"featured_media":269514,"comment_status":"closed","ping_status":"closed","sticky":false,"template":"","format":"standard","meta":{"footnotes":""},"categories":[479,575,17988,478],"tags":[],"class_list":["post-269513","post","type-post","status-publish","format-standard","has-post-thumbnail","","category-haberler-yerel","category-olaylar-ve-gercekler","category-son-haberler","category-yerel"],"_links":{"self":[{"href":"https:\/\/archive.sana.sy\/tr\/index.php?rest_route=\/wp\/v2\/posts\/269513","targetHints":{"allow":["GET"]}}],"collection":[{"href":"https:\/\/archive.sana.sy\/tr\/index.php?rest_route=\/wp\/v2\/posts"}],"about":[{"href":"https:\/\/archive.sana.sy\/tr\/index.php?rest_route=\/wp\/v2\/types\/post"}],"author":[{"embeddable":true,"href":"https:\/\/archive.sana.sy\/tr\/index.php?rest_route=\/wp\/v2\/users\/39"}],"replies":[{"embeddable":true,"href":"https:\/\/archive.sana.sy\/tr\/index.php?rest_route=%2Fwp%2Fv2%2Fcomments&post=269513"}],"version-history":[{"count":0,"href":"https:\/\/archive.sana.sy\/tr\/index.php?rest_route=\/wp\/v2\/posts\/269513\/revisions"}],"wp:featuredmedia":[{"embeddable":true,"href":"https:\/\/archive.sana.sy\/tr\/index.php?rest_route=\/wp\/v2\/media\/269514"}],"wp:attachment":[{"href":"https:\/\/archive.sana.sy\/tr\/index.php?rest_route=%2Fwp%2Fv2%2Fmedia&parent=269513"}],"wp:term":[{"taxonomy":"category","embeddable":true,"href":"https:\/\/archive.sana.sy\/tr\/index.php?rest_route=%2Fwp%2Fv2%2Fcategories&post=269513"},{"taxonomy":"post_tag","embeddable":true,"href":"https:\/\/archive.sana.sy\/tr\/index.php?rest_route=%2Fwp%2Fv2%2Ftags&post=269513"}],"curies":[{"name":"wp","href":"https:\/\/api.w.org\/{rel}","templated":true}]}}