{"id":26955,"date":"2015-03-19T15:25:58","date_gmt":"2015-03-19T13:25:58","guid":{"rendered":"http:\/\/www.sana.sy\/tr\/?p=26955"},"modified":"2015-03-21T13:25:08","modified_gmt":"2015-03-21T11:25:08","slug":"hama-kirsalinda-erdogan-cetelerinin-katliami-onlendi","status":"publish","type":"post","link":"https:\/\/archive.sana.sy\/tr\/?p=26955","title":{"rendered":"Hama K\u0131rsal\u0131nda Erdo\u011fan \u00c7etelerinin Katliam\u0131 \u00d6nlendi"},"content":{"rendered":"<p>HAMA \u2013 Ordu birliklerimiz Hama iline tabi Selemiye B\u00f6lgesinin Kefat K\u00f6y\u00fcne sald\u0131ran Nusra Cephesi, Ahrar el \u015eam ve Sukur el \u015eam \u00e7etelerine kar\u015f\u0131 koyarak sald\u0131rganlardan onlarcas\u0131n\u0131 \u00f6ld\u00fcrd\u00fc.<\/p>\n<p>Askeri kaynak ordu birliklerimizin s\u00f6z konusu k\u00f6yde sivil evleri ve masum insanlar\u0131 hedef almak i\u00e7in b\u00fcy\u00fck miktarda patlay\u0131c\u0131 ile haz\u0131rlanan iki bombal\u0131 arac\u0131 k\u00f6ye girmeden \u00f6nce havaya u\u00e7urduklar\u0131n\u0131 belirtti.<\/p>\n<p>Yerel kaynaklar ter\u00f6r \u00e7etelerin ordu birliklerimizin k\u00f6y ahalisinin imdad\u0131na yeti\u015fmelerini engelleme amac\u0131yla birini k\u00f6y civar\u0131ndaki askeri bir barikatta, ikincisini de k\u00f6ye giden yol \u00fczerindeki k\u00f6pr\u00fcde havaya u\u00e7urmaya \u00e7al\u0131\u015ft\u0131klar\u0131n\u0131 aktard\u0131. Kaynaklar fakat ordu birliklerimizin iki hain sald\u0131r\u0131y\u0131 erken fark edip iki arac\u0131 da hedeflerine ula\u015fmadan \u00f6nce i\u00e7lerindeki intihar eylemcileri ter\u00f6ristlerle birlikte havaya u\u00e7urduklar\u0131n\u0131 s\u00f6yledi.<\/p>\n<p>Kaynaklar k\u00f6ylerinin kuzeyine d\u00fc\u015fen Mbarket K\u00f6y\u00fcnden \u0130dlib iline kadar Nusra Cephesi, Ahrar el \u015eam ve Sukur el \u015eam adlar\u0131yla bilinen tekfirci ve vah\u015fi ter\u00f6r \u00e7etelerin bulunduklar\u0131na, t\u00fcm bunlar\u0131n da T\u00fcrkiye&#8217;deki rejim taraf\u0131ndan desteklendiklerinin alt\u0131n\u0131 \u00e7izdi.<\/p>\n<p>Ordu birliklerimiz ile sald\u0131rgan ter\u00f6r \u00e7eteleri aras\u0131nda \u015fiddetli \u00e7at\u0131\u015fmalar\u0131n sona erip k\u00f6y halk\u0131n\u0131n bir katliamdan kurtulmas\u0131 ard\u0131ndan Hama Valisi Gassan Halef k\u00f6ye saha gezisinde bulunarak vatanda\u015flar\u0131n durumlar\u0131n\u0131 inceledi.<\/p>\n","protected":false},"excerpt":{"rendered":"<p>HAMA \u2013 Ordu birliklerimiz Hama iline tabi Selemiye B\u00f6lgesinin Kefat K\u00f6y\u00fcne sald\u0131ran Nusra Cephesi, Ahrar el \u015eam ve Sukur el \u015eam \u00e7etelerine kar\u015f\u0131 koyarak sald\u0131rganlardan onlarcas\u0131n\u0131 \u00f6ld\u00fcrd\u00fc. Askeri kaynak ordu birliklerimizin s\u00f6z konusu k\u00f6yde sivil evleri ve masum insanlar\u0131 hedef almak i\u00e7in b\u00fcy\u00fck miktarda patlay\u0131c\u0131 ile haz\u0131rlanan iki bombal\u0131 arac\u0131 k\u00f6ye girmeden \u00f6nce havaya u\u00e7urduklar\u0131n\u0131 &hellip;<\/p>\n","protected":false},"author":1,"featured_media":26956,"comment_status":"closed","ping_status":"closed","sticky":false,"template":"","format":"standard","meta":{"footnotes":""},"categories":[575],"tags":[12726,12725],"class_list":["post-26955","post","type-post","status-publish","format-standard","has-post-thumbnail","","category-olaylar-ve-gercekler","tag-ahrar-el-sam-ve-sukur-el-sam-cetelerine-karsi-koyarak-saldirganlardan-onlarcasini-oldurdu","tag-hama-kirsalinda-erdogan-cetelerinin-katliami-onlendi-hama-ordu-birliklerimiz-hama-iline-tabi-selemiye-bolgesinin-kefat-koyune-saldiran-nusra-cephesi"],"_links":{"self":[{"href":"https:\/\/archive.sana.sy\/tr\/index.php?rest_route=\/wp\/v2\/posts\/26955","targetHints":{"allow":["GET"]}}],"collection":[{"href":"https:\/\/archive.sana.sy\/tr\/index.php?rest_route=\/wp\/v2\/posts"}],"about":[{"href":"https:\/\/archive.sana.sy\/tr\/index.php?rest_route=\/wp\/v2\/types\/post"}],"author":[{"embeddable":true,"href":"https:\/\/archive.sana.sy\/tr\/index.php?rest_route=\/wp\/v2\/users\/1"}],"replies":[{"embeddable":true,"href":"https:\/\/archive.sana.sy\/tr\/index.php?rest_route=%2Fwp%2Fv2%2Fcomments&post=26955"}],"version-history":[{"count":0,"href":"https:\/\/archive.sana.sy\/tr\/index.php?rest_route=\/wp\/v2\/posts\/26955\/revisions"}],"wp:featuredmedia":[{"embeddable":true,"href":"https:\/\/archive.sana.sy\/tr\/index.php?rest_route=\/wp\/v2\/media\/26956"}],"wp:attachment":[{"href":"https:\/\/archive.sana.sy\/tr\/index.php?rest_route=%2Fwp%2Fv2%2Fmedia&parent=26955"}],"wp:term":[{"taxonomy":"category","embeddable":true,"href":"https:\/\/archive.sana.sy\/tr\/index.php?rest_route=%2Fwp%2Fv2%2Fcategories&post=26955"},{"taxonomy":"post_tag","embeddable":true,"href":"https:\/\/archive.sana.sy\/tr\/index.php?rest_route=%2Fwp%2Fv2%2Ftags&post=26955"}],"curies":[{"name":"wp","href":"https:\/\/api.w.org\/{rel}","templated":true}]}}