{"id":269606,"date":"2022-12-20T14:43:00","date_gmt":"2022-12-20T12:43:00","guid":{"rendered":"http:\/\/107.6.182.27\/tr\/?p=269606"},"modified":"2022-12-22T10:41:31","modified_gmt":"2022-12-22T08:41:31","slug":"arap-bisiklet-sampiyonasinda-suriye-altin-ve-bronz-madalya-kazandi","status":"publish","type":"post","link":"https:\/\/archive.sana.sy\/tr\/?p=269606","title":{"rendered":"Arap Bisiklet \u015eampiyonas\u0131&#8217;nda Suriye Alt\u0131n Ve Bronz Madalya Kazand\u0131"},"content":{"rendered":"<p><strong>ABU DAB\u0130<\/strong> &#8211; Suriyeli bisiklet tak\u0131m\u0131, \u015fu anda Birle\u015fik Arap Emirlikleri&#8217;nde 17 \u00fclkenin kat\u0131l\u0131m\u0131yla d\u00fczenlenen Arap \u015eampiyonas\u0131&#8217;nda &#8220;alt\u0131n ve bronz&#8221; olmak \u00fczere iki yeni madalya elde etti.<\/p>\n<p>Gen\u00e7 bayanlarda zamana kar\u015f\u0131 bireysel yar\u0131\u015fta alt\u0131n Madalya Sandy Der\u011fam&#8217;dan gelirken, zamana kar\u015f\u0131 bireysel yar\u0131\u015fta 23 ya\u015f alt\u0131 kategorisinde bronz madalya oyuncu Miran El Faris&#8217;e gitti.<\/p>\n<p>R.M<\/p>\n<p><a class=\"x1i10hfl xjbqb8w x6umtig x1b1mbwd xaqea5y xav7gou x9f619 x1ypdohk xt0psk2 xe8uvvx xdj266r x11i5rnm xat24cr x1mh8g0r xexx8yu x4uap5 x18d9i69 xkhd6sd x16tdsg8 x1hl2dhg xggy1nq x1a2a7pz xt0b8zv x1qq9wsj xo1l8bm\" tabindex=\"0\" role=\"link\" href=\"https:\/\/www.facebook.com\/hashtag\/telegram_kanal%C4%B1m%C4%B1z?__eep__=6&amp;__cft__[0]=AZVEFRdbT-halEQXlBSKD5uVeJ2HbMw5S31upYC_3U7s4tfvQd4bgdDHTsG1suGQmrsN5vCCQsWkLw9KPnAwkbh34XSLR-6u-aCbCcBip-vm_Dtt9Tw3ZxXHPRa64tLa5g8&amp;__tn__=*NK-R\">#Telegram_Kanal\u0131m\u0131z<\/a>:\u00a0<a class=\"x1i10hfl xjbqb8w x6umtig x1b1mbwd xaqea5y xav7gou x9f619 x1ypdohk xt0psk2 xe8uvvx xdj266r x11i5rnm xat24cr x1mh8g0r xexx8yu x4uap5 x18d9i69 xkhd6sd x16tdsg8 x1hl2dhg xggy1nq x1a2a7pz xt0b8zv x1fey0fg\" tabindex=\"0\" role=\"link\" href=\"https:\/\/t.me\/SuriyeArapHaberAjans%C4%B1?fbclid=IwAR3p7vDSDzVl_hhGBQARMPWuyBkNJRbKDzKk_R0uxYHCwX16jlrmRD4RwFU\" target=\"_blank\" rel=\"nofollow noopener\">https:\/\/t.me\/SuriyeArapHaberAjans\u0131<\/a><\/p>\n","protected":false},"excerpt":{"rendered":"<p>ABU DAB\u0130 &#8211; Suriyeli bisiklet tak\u0131m\u0131, \u015fu anda Birle\u015fik Arap Emirlikleri&#8217;nde 17 \u00fclkenin kat\u0131l\u0131m\u0131yla d\u00fczenlenen Arap \u015eampiyonas\u0131&#8217;nda &#8220;alt\u0131n ve bronz&#8221; olmak \u00fczere iki yeni madalya elde etti. Gen\u00e7 bayanlarda zamana kar\u015f\u0131 bireysel yar\u0131\u015fta alt\u0131n Madalya Sandy Der\u011fam&#8217;dan gelirken, zamana kar\u015f\u0131 bireysel yar\u0131\u015fta 23 ya\u015f alt\u0131 kategorisinde bronz madalya oyuncu Miran El Faris&#8217;e gitti. R.M #Telegram_Kanal\u0131m\u0131z:\u00a0https:\/\/t.me\/SuriyeArapHaberAjans\u0131<\/p>\n","protected":false},"author":41,"featured_media":269607,"comment_status":"closed","ping_status":"closed","sticky":false,"template":"","format":"standard","meta":{"footnotes":""},"categories":[498,17988,496],"tags":[],"class_list":["post-269606","post","type-post","status-publish","format-standard","has-post-thumbnail","","category-dunya-turnuvalari","category-son-haberler","category-spor"],"_links":{"self":[{"href":"https:\/\/archive.sana.sy\/tr\/index.php?rest_route=\/wp\/v2\/posts\/269606","targetHints":{"allow":["GET"]}}],"collection":[{"href":"https:\/\/archive.sana.sy\/tr\/index.php?rest_route=\/wp\/v2\/posts"}],"about":[{"href":"https:\/\/archive.sana.sy\/tr\/index.php?rest_route=\/wp\/v2\/types\/post"}],"author":[{"embeddable":true,"href":"https:\/\/archive.sana.sy\/tr\/index.php?rest_route=\/wp\/v2\/users\/41"}],"replies":[{"embeddable":true,"href":"https:\/\/archive.sana.sy\/tr\/index.php?rest_route=%2Fwp%2Fv2%2Fcomments&post=269606"}],"version-history":[{"count":0,"href":"https:\/\/archive.sana.sy\/tr\/index.php?rest_route=\/wp\/v2\/posts\/269606\/revisions"}],"wp:featuredmedia":[{"embeddable":true,"href":"https:\/\/archive.sana.sy\/tr\/index.php?rest_route=\/wp\/v2\/media\/269607"}],"wp:attachment":[{"href":"https:\/\/archive.sana.sy\/tr\/index.php?rest_route=%2Fwp%2Fv2%2Fmedia&parent=269606"}],"wp:term":[{"taxonomy":"category","embeddable":true,"href":"https:\/\/archive.sana.sy\/tr\/index.php?rest_route=%2Fwp%2Fv2%2Fcategories&post=269606"},{"taxonomy":"post_tag","embeddable":true,"href":"https:\/\/archive.sana.sy\/tr\/index.php?rest_route=%2Fwp%2Fv2%2Ftags&post=269606"}],"curies":[{"name":"wp","href":"https:\/\/api.w.org\/{rel}","templated":true}]}}