{"id":26964,"date":"2015-03-19T16:10:34","date_gmt":"2015-03-19T14:10:34","guid":{"rendered":"http:\/\/www.sana.sy\/tr\/?p=26964"},"modified":"2015-03-19T16:10:34","modified_gmt":"2015-03-19T14:10:34","slug":"sehit-annelerine-onur-toreni","status":"publish","type":"post","link":"https:\/\/archive.sana.sy\/tr\/?p=26964","title":{"rendered":"\u015eehit Annelerine Onur T\u00f6reni"},"content":{"rendered":"<p>TARTUS \u2013 Anneler G\u00fcn\u00fc m\u00fcnasebetiyle Tartus \u0130l Meclisi bug\u00fcn ordu birliklerimizden \u015fehitlerin annelerine onur t\u00f6reni d\u00fczenledi.<\/p>\n<p>T\u00f6rende evlatlar\u0131n\u0131n vatan\u0131n onuru, egemenli\u011fi ve ba\u011f\u0131ms\u0131zl\u0131\u011f\u0131n\u0131n yan\u0131 s\u0131ra masum halk\u0131 d\u0131\u015f destekli radikal ve hain ter\u00f6r \u00e7etelere kar\u015f\u0131 savunan evlatlar\u0131 ile duyduklar\u0131 gururu ifade etti. Anneler vatan onuru ve halk\u0131n\u0131n g\u00fcvenli\u011finin korunmas\u0131nda gereken her \u00f6zveriyi takdim etmekten hi\u00e7bir zaman geri kalmayacaklar\u0131n\u0131 s\u00f6yledi.<\/p>\n<p>Tartus \u0130l Meclisi Ba\u015fkan\u0131 Yasir Diyb; Suriye annelerinin vatan u\u011fruna bulunduklar\u0131 e\u015fsiz \u00f6zverileri ifade etmede kelimelerin yetersiz oldu\u011funu s\u00f6yledi.<\/p>\n<div id='gallery-1' class='gallery galleryid-26964 gallery-columns-2 gallery-size-thumbnail'><figure class='gallery-item'>\n\t\t\t<div class='gallery-icon landscape'>\n\t\t\t\t<a href='https:\/\/archive.sana.sy\/tr\/wp-content\/uploads\/2015\/03\/anneler-1.jpg'><img loading=\"lazy\" decoding=\"async\" width=\"150\" height=\"100\" src=\"https:\/\/archive.sana.sy\/tr\/wp-content\/uploads\/2015\/03\/anneler-1-150x100.jpg\" class=\"attachment-thumbnail size-thumbnail\" alt=\"\" srcset=\"https:\/\/archive.sana.sy\/tr\/wp-content\/uploads\/2015\/03\/anneler-1-150x100.jpg 150w, https:\/\/archive.sana.sy\/tr\/wp-content\/uploads\/2015\/03\/anneler-1-300x200.jpg 300w, https:\/\/archive.sana.sy\/tr\/wp-content\/uploads\/2015\/03\/anneler-1-1024x683.jpg 1024w\" sizes=\"auto, (max-width: 150px) 100vw, 150px\" \/><\/a>\n\t\t\t<\/div><\/figure><figure class='gallery-item'>\n\t\t\t<div class='gallery-icon landscape'>\n\t\t\t\t<a href='https:\/\/archive.sana.sy\/tr\/wp-content\/uploads\/2015\/03\/anneler-2.jpg'><img loading=\"lazy\" decoding=\"async\" width=\"150\" height=\"97\" src=\"https:\/\/archive.sana.sy\/tr\/wp-content\/uploads\/2015\/03\/anneler-2-150x97.jpg\" class=\"attachment-thumbnail size-thumbnail\" alt=\"\" srcset=\"https:\/\/archive.sana.sy\/tr\/wp-content\/uploads\/2015\/03\/anneler-2-150x97.jpg 150w, https:\/\/archive.sana.sy\/tr\/wp-content\/uploads\/2015\/03\/anneler-2-300x194.jpg 300w, https:\/\/archive.sana.sy\/tr\/wp-content\/uploads\/2015\/03\/anneler-2-1024x661.jpg 1024w\" sizes=\"auto, (max-width: 150px) 100vw, 150px\" \/><\/a>\n\t\t\t<\/div><\/figure><figure class='gallery-item'>\n\t\t\t<div class='gallery-icon landscape'>\n\t\t\t\t<a href='https:\/\/archive.sana.sy\/tr\/wp-content\/uploads\/2015\/03\/anneler-3.jpg'><img loading=\"lazy\" decoding=\"async\" width=\"150\" height=\"91\" src=\"https:\/\/archive.sana.sy\/tr\/wp-content\/uploads\/2015\/03\/anneler-3-150x91.jpg\" class=\"attachment-thumbnail size-thumbnail\" alt=\"\" srcset=\"https:\/\/archive.sana.sy\/tr\/wp-content\/uploads\/2015\/03\/anneler-3-150x91.jpg 150w, https:\/\/archive.sana.sy\/tr\/wp-content\/uploads\/2015\/03\/anneler-3-300x183.jpg 300w, https:\/\/archive.sana.sy\/tr\/wp-content\/uploads\/2015\/03\/anneler-3-1024x625.jpg 1024w\" sizes=\"auto, (max-width: 150px) 100vw, 150px\" \/><\/a>\n\t\t\t<\/div><\/figure><figure class='gallery-item'>\n\t\t\t<div class='gallery-icon landscape'>\n\t\t\t\t<a href='https:\/\/archive.sana.sy\/tr\/wp-content\/uploads\/2015\/03\/anneler-4.jpg'><img loading=\"lazy\" decoding=\"async\" width=\"150\" height=\"89\" src=\"https:\/\/archive.sana.sy\/tr\/wp-content\/uploads\/2015\/03\/anneler-4-150x89.jpg\" class=\"attachment-thumbnail size-thumbnail\" alt=\"\" srcset=\"https:\/\/archive.sana.sy\/tr\/wp-content\/uploads\/2015\/03\/anneler-4-150x89.jpg 150w, https:\/\/archive.sana.sy\/tr\/wp-content\/uploads\/2015\/03\/anneler-4-300x179.jpg 300w, https:\/\/archive.sana.sy\/tr\/wp-content\/uploads\/2015\/03\/anneler-4-1024x610.jpg 1024w\" sizes=\"auto, (max-width: 150px) 100vw, 150px\" \/><\/a>\n\t\t\t<\/div><\/figure>\n\t\t<\/div>\n\n<p>A.A.<\/p>\n","protected":false},"excerpt":{"rendered":"<p>TARTUS \u2013 Anneler G\u00fcn\u00fc m\u00fcnasebetiyle Tartus \u0130l Meclisi bug\u00fcn ordu birliklerimizden \u015fehitlerin annelerine onur t\u00f6reni d\u00fczenledi. T\u00f6rende evlatlar\u0131n\u0131n vatan\u0131n onuru, egemenli\u011fi ve ba\u011f\u0131ms\u0131zl\u0131\u011f\u0131n\u0131n yan\u0131 s\u0131ra masum halk\u0131 d\u0131\u015f destekli radikal ve hain ter\u00f6r \u00e7etelere kar\u015f\u0131 savunan evlatlar\u0131 ile duyduklar\u0131 gururu ifade etti. Anneler vatan onuru ve halk\u0131n\u0131n g\u00fcvenli\u011finin korunmas\u0131nda gereken her \u00f6zveriyi takdim etmekten hi\u00e7bir &hellip;<\/p>\n","protected":false},"author":1,"featured_media":26965,"comment_status":"closed","ping_status":"closed","sticky":false,"template":"","format":"standard","meta":{"footnotes":""},"categories":[596,479,478],"tags":[12729],"class_list":["post-26964","post","type-post","status-publish","format-standard","has-post-thumbnail","","category-fotografli-raporlar","category-haberler-yerel","category-yerel","tag-sehit-annelerine-onur-toreni-tartus-anneler-gunu-munasebetiyle-tartus-il-meclisi-bugun-ordu-birliklerimizden-sehitlerin-annelerine-onur-toreni-duzenledi"],"_links":{"self":[{"href":"https:\/\/archive.sana.sy\/tr\/index.php?rest_route=\/wp\/v2\/posts\/26964","targetHints":{"allow":["GET"]}}],"collection":[{"href":"https:\/\/archive.sana.sy\/tr\/index.php?rest_route=\/wp\/v2\/posts"}],"about":[{"href":"https:\/\/archive.sana.sy\/tr\/index.php?rest_route=\/wp\/v2\/types\/post"}],"author":[{"embeddable":true,"href":"https:\/\/archive.sana.sy\/tr\/index.php?rest_route=\/wp\/v2\/users\/1"}],"replies":[{"embeddable":true,"href":"https:\/\/archive.sana.sy\/tr\/index.php?rest_route=%2Fwp%2Fv2%2Fcomments&post=26964"}],"version-history":[{"count":0,"href":"https:\/\/archive.sana.sy\/tr\/index.php?rest_route=\/wp\/v2\/posts\/26964\/revisions"}],"wp:featuredmedia":[{"embeddable":true,"href":"https:\/\/archive.sana.sy\/tr\/index.php?rest_route=\/wp\/v2\/media\/26965"}],"wp:attachment":[{"href":"https:\/\/archive.sana.sy\/tr\/index.php?rest_route=%2Fwp%2Fv2%2Fmedia&parent=26964"}],"wp:term":[{"taxonomy":"category","embeddable":true,"href":"https:\/\/archive.sana.sy\/tr\/index.php?rest_route=%2Fwp%2Fv2%2Fcategories&post=26964"},{"taxonomy":"post_tag","embeddable":true,"href":"https:\/\/archive.sana.sy\/tr\/index.php?rest_route=%2Fwp%2Fv2%2Ftags&post=26964"}],"curies":[{"name":"wp","href":"https:\/\/api.w.org\/{rel}","templated":true}]}}