{"id":269648,"date":"2022-12-21T11:14:50","date_gmt":"2022-12-21T09:14:50","guid":{"rendered":"http:\/\/107.6.182.27\/tr\/?p=269648"},"modified":"2022-12-22T07:12:09","modified_gmt":"2022-12-22T05:12:09","slug":"kanaani-bazi-amerikali-siyasetcilerin-eylemleri-ulkelerinin-insan-haklari-konusundaki-sahte-yuzunu-ortaya-cikardi","status":"publish","type":"post","link":"https:\/\/archive.sana.sy\/tr\/?p=269648","title":{"rendered":"Kanaani: Baz\u0131 Amerikal\u0131 Siyaset\u00e7ilerin Eylemleri, \u00dclkelerinin \u0130nsan Haklar\u0131 Konusundaki Sahte Y\u00fcz\u00fcn\u00fc Ortaya \u00c7\u0131kard\u0131"},"content":{"rendered":"<p>TAHRAN \u2013 \u0130ran D\u0131\u015fi\u015fleri Bakanl\u0131\u011f\u0131 S\u00f6zc\u00fcs\u00fc Nasser Kanaani, baz\u0131 Amerikal\u0131 politikac\u0131lar\u0131n son eylemlerinin Amerika&#8217;n\u0131n insan haklar\u0131 konusundaki sahte y\u00fcz\u00fcn\u00fc giderek daha fazla ortaya \u00e7\u0131kard\u0131\u011f\u0131n\u0131 vurgulad\u0131.<\/p>\n<p>Kanaani, eski ABD D\u0131\u015fi\u015fleri Bakan\u0131 Meyk Pompiyo&#8217;nun a\u00e7\u0131klamalar\u0131na yan\u0131t olarark, &#8220;ABD y\u00f6netiminin ter\u00f6ristlerle ittifak\u0131 ve 17 binden fazla \u0130ran vatanda\u015f\u0131n\u0131 \u00f6ld\u00fcrmesi daha da a\u015fikar hale geldi&#8221; dedi.<\/p>\n<p>Kanani ayr\u0131ca, &#8220;Amerikan rejiminin \u0130ran h\u00fck\u00fcmeti ve halk\u0131 \u00fczerinde bask\u0131 kurmak i\u00e7in su\u00e7lulara sar\u0131lmas\u0131 onlar\u0131n ellerinin bo\u015f oldu\u011funu g\u00f6steriyor, bu ger\u00e7ek, Washington&#8217;un \u0130ran halk\u0131n\u0131n haklar\u0131n\u0131 ihlal etme konusundaki yasal ve uluslararas\u0131 sorumluluklar\u0131n\u0131 ve ter\u00f6r gruplara a\u00e7\u0131k deste\u011fini azaltmaz\u201d dedi.<\/p>\n<p><a class=\"x1i10hfl xjbqb8w x6umtig x1b1mbwd xaqea5y xav7gou x9f619 x1ypdohk xt0psk2 xe8uvvx xdj266r x11i5rnm xat24cr x1mh8g0r xexx8yu x4uap5 x18d9i69 xkhd6sd x16tdsg8 x1hl2dhg xggy1nq x1a2a7pz xt0b8zv x1qq9wsj xo1l8bm\" tabindex=\"0\" role=\"link\" href=\"https:\/\/www.facebook.com\/hashtag\/telegram_kanal%C4%B1m%C4%B1z?__eep__=6&amp;__cft__[0]=AZUoWPc2jexcSWaZHrpvtuXzG5ilE5W61NlU3qrtN0F_AMl3deSChic_EY_uhc-2KrjrJIht9FHiJFsc9eVdkw0Dcl0m1gw7HbEBO_EIzhEnm_XOOColiQ5pbWQkTXvzoa0&amp;__tn__=*NK-R\">#Telegram_Kanal\u0131m\u0131z<\/a>: <a class=\"x1i10hfl xjbqb8w x6umtig x1b1mbwd xaqea5y xav7gou x9f619 x1ypdohk xt0psk2 xe8uvvx xdj266r x11i5rnm xat24cr x1mh8g0r xexx8yu x4uap5 x18d9i69 xkhd6sd x16tdsg8 x1hl2dhg xggy1nq x1a2a7pz xt0b8zv x1fey0fg\" tabindex=\"0\" role=\"link\" href=\"https:\/\/t.me\/SuriyeArapHaberAjans%C4%B1?fbclid=IwAR1-LyBg9TCDZeMchY_ocFSd0S2_6X2flzTh8rusPdf7HeufJUx4rjxA4vY\" target=\"_blank\" rel=\"nofollow noopener\">https:\/\/t.me\/SuriyeArapHaberAjans\u0131<\/a><\/p>\n<p>&nbsp;<\/p>\n","protected":false},"excerpt":{"rendered":"<p>TAHRAN \u2013 \u0130ran D\u0131\u015fi\u015fleri Bakanl\u0131\u011f\u0131 S\u00f6zc\u00fcs\u00fc Nasser Kanaani, baz\u0131 Amerikal\u0131 politikac\u0131lar\u0131n son eylemlerinin Amerika&#8217;n\u0131n insan haklar\u0131 konusundaki sahte y\u00fcz\u00fcn\u00fc giderek daha fazla ortaya \u00e7\u0131kard\u0131\u011f\u0131n\u0131 vurgulad\u0131. Kanaani, eski ABD D\u0131\u015fi\u015fleri Bakan\u0131 Meyk Pompiyo&#8217;nun a\u00e7\u0131klamalar\u0131na yan\u0131t olarark, &#8220;ABD y\u00f6netiminin ter\u00f6ristlerle ittifak\u0131 ve 17 binden fazla \u0130ran vatanda\u015f\u0131n\u0131 \u00f6ld\u00fcrmesi daha da a\u015fikar hale geldi&#8221; dedi. Kanani ayr\u0131ca, &#8220;Amerikan &hellip;<\/p>\n","protected":false},"author":39,"featured_media":269649,"comment_status":"closed","ping_status":"closed","sticky":false,"template":"","format":"standard","meta":{"footnotes":""},"categories":[458,459,17988],"tags":[],"class_list":["post-269648","post","type-post","status-publish","format-standard","has-post-thumbnail","","category-dunya1","category-haberler-arap-uluslararasi-politika","category-son-haberler"],"_links":{"self":[{"href":"https:\/\/archive.sana.sy\/tr\/index.php?rest_route=\/wp\/v2\/posts\/269648","targetHints":{"allow":["GET"]}}],"collection":[{"href":"https:\/\/archive.sana.sy\/tr\/index.php?rest_route=\/wp\/v2\/posts"}],"about":[{"href":"https:\/\/archive.sana.sy\/tr\/index.php?rest_route=\/wp\/v2\/types\/post"}],"author":[{"embeddable":true,"href":"https:\/\/archive.sana.sy\/tr\/index.php?rest_route=\/wp\/v2\/users\/39"}],"replies":[{"embeddable":true,"href":"https:\/\/archive.sana.sy\/tr\/index.php?rest_route=%2Fwp%2Fv2%2Fcomments&post=269648"}],"version-history":[{"count":0,"href":"https:\/\/archive.sana.sy\/tr\/index.php?rest_route=\/wp\/v2\/posts\/269648\/revisions"}],"wp:featuredmedia":[{"embeddable":true,"href":"https:\/\/archive.sana.sy\/tr\/index.php?rest_route=\/wp\/v2\/media\/269649"}],"wp:attachment":[{"href":"https:\/\/archive.sana.sy\/tr\/index.php?rest_route=%2Fwp%2Fv2%2Fmedia&parent=269648"}],"wp:term":[{"taxonomy":"category","embeddable":true,"href":"https:\/\/archive.sana.sy\/tr\/index.php?rest_route=%2Fwp%2Fv2%2Fcategories&post=269648"},{"taxonomy":"post_tag","embeddable":true,"href":"https:\/\/archive.sana.sy\/tr\/index.php?rest_route=%2Fwp%2Fv2%2Ftags&post=269648"}],"curies":[{"name":"wp","href":"https:\/\/api.w.org\/{rel}","templated":true}]}}