{"id":269651,"date":"2022-12-21T11:47:30","date_gmt":"2022-12-21T09:47:30","guid":{"rendered":"http:\/\/107.6.182.27\/tr\/?p=269651"},"modified":"2022-12-22T08:57:40","modified_gmt":"2022-12-22T06:57:40","slug":"suriye-israil-cezaevlerindeki-tutuklularla-dayanisma-icinde-oldugunu-teyit-ediyor-ve-serbest-birakilmalari-cagrisinda-bulunuyor","status":"publish","type":"post","link":"https:\/\/archive.sana.sy\/tr\/?p=269651","title":{"rendered":"Suriye, \u0130srail Cezaevlerindeki Tutuklularla Dayan\u0131\u015fma \u0130\u00e7inde Oldu\u011funu Teyit Ediyor Ve Serbest B\u0131rak\u0131lmalar\u0131 \u00c7a\u011fr\u0131s\u0131nda Bulunuyor"},"content":{"rendered":"<p><strong>\u015eAM<\/strong> \u2013 D\u0131\u015fi\u015fleri ve Gurbet\u00e7iler Bakanl\u0131\u011f\u0131, \u0130srail i\u015fgalinin devam eden \u0130srail Cezaevlerindeki mahkumlar\u0131n haklar\u0131n\u0131, \u00f6zellikle de sa\u011fl\u0131k hizmetlerine eri\u015fim haklar\u0131n\u0131 ihlal etmesini k\u0131nad\u0131\u011f\u0131n\u0131, bunun da \u015fehit Nas\u0131r Ebu Hamid olmak \u00fczere bir\u00e7o\u011funun uluslararas\u0131 insanc\u0131l hukuku alenen ihlal ederek \u015fehit olmas\u0131na yol a\u00e7t\u0131\u011f\u0131n\u0131 ifade etti.<\/p>\n<p>D\u0131\u015fi\u015fleri Bakanl\u0131\u011f\u0131 bug\u00fcn yapt\u0131\u011f\u0131 a\u00e7\u0131klamada, Suriye&#8217;nin \u0130srail Cezaevlerindeki tutuklularla dayan\u0131\u015fmas\u0131n\u0131 teyit etti\u011fini ve derhal serbest b\u0131rak\u0131lmalar\u0131 \u00e7a\u011fr\u0131s\u0131nda bulundu\u011funu s\u00f6yledi.<\/p>\n<p><a class=\"x1i10hfl xjbqb8w x6umtig x1b1mbwd xaqea5y xav7gou x9f619 x1ypdohk xt0psk2 xe8uvvx xdj266r x11i5rnm xat24cr x1mh8g0r xexx8yu x4uap5 x18d9i69 xkhd6sd x16tdsg8 x1hl2dhg xggy1nq x1a2a7pz xt0b8zv x1qq9wsj xo1l8bm\" tabindex=\"0\" role=\"link\" href=\"https:\/\/www.facebook.com\/hashtag\/telegram_kanal%C4%B1m%C4%B1z?__eep__=6&amp;__cft__[0]=AZV9gqXRjFeqZGKtHWTtdPJT2Fvev1y4AwDzyvN4cTgaclMKR6dFVm49hgxcXrz5_a-oS-R4Zh2TmbBwIKPjLHDdKkIOHNP3N67vlrsPxkMi_rS_ahEkpLrkErWBUiR7uCU&amp;__tn__=*NK-R\">#Telegram_Kanal\u0131m\u0131z<\/a>: <a class=\"x1i10hfl xjbqb8w x6umtig x1b1mbwd xaqea5y xav7gou x9f619 x1ypdohk xt0psk2 xe8uvvx xdj266r x11i5rnm xat24cr x1mh8g0r xexx8yu x4uap5 x18d9i69 xkhd6sd x16tdsg8 x1hl2dhg xggy1nq x1a2a7pz xt0b8zv x1fey0fg\" tabindex=\"0\" role=\"link\" href=\"https:\/\/t.me\/SuriyeArapHaberAjans%C4%B1?fbclid=IwAR05bj2486ihYk4WHuXzM92P3i-Ozs5nQGe3_7EaIaG_d-ObZNYhH2XRAOg\" target=\"_blank\" rel=\"nofollow noopener\">https:\/\/t.me\/SuriyeArapHaberAjans\u0131<\/a><\/p>\n<p>&nbsp;<\/p>\n","protected":false},"excerpt":{"rendered":"<p>\u015eAM \u2013 D\u0131\u015fi\u015fleri ve Gurbet\u00e7iler Bakanl\u0131\u011f\u0131, \u0130srail i\u015fgalinin devam eden \u0130srail Cezaevlerindeki mahkumlar\u0131n haklar\u0131n\u0131, \u00f6zellikle de sa\u011fl\u0131k hizmetlerine eri\u015fim haklar\u0131n\u0131 ihlal etmesini k\u0131nad\u0131\u011f\u0131n\u0131, bunun da \u015fehit Nas\u0131r Ebu Hamid olmak \u00fczere bir\u00e7o\u011funun uluslararas\u0131 insanc\u0131l hukuku alenen ihlal ederek \u015fehit olmas\u0131na yol a\u00e7t\u0131\u011f\u0131n\u0131 ifade etti. D\u0131\u015fi\u015fleri Bakanl\u0131\u011f\u0131 bug\u00fcn yapt\u0131\u011f\u0131 a\u00e7\u0131klamada, Suriye&#8217;nin \u0130srail Cezaevlerindeki tutuklularla dayan\u0131\u015fmas\u0131n\u0131 teyit &hellip;<\/p>\n","protected":false},"author":36,"featured_media":269652,"comment_status":"closed","ping_status":"closed","sticky":false,"template":"","format":"standard","meta":{"footnotes":""},"categories":[479,575,17988,478],"tags":[],"class_list":["post-269651","post","type-post","status-publish","format-standard","has-post-thumbnail","","category-haberler-yerel","category-olaylar-ve-gercekler","category-son-haberler","category-yerel"],"_links":{"self":[{"href":"https:\/\/archive.sana.sy\/tr\/index.php?rest_route=\/wp\/v2\/posts\/269651","targetHints":{"allow":["GET"]}}],"collection":[{"href":"https:\/\/archive.sana.sy\/tr\/index.php?rest_route=\/wp\/v2\/posts"}],"about":[{"href":"https:\/\/archive.sana.sy\/tr\/index.php?rest_route=\/wp\/v2\/types\/post"}],"author":[{"embeddable":true,"href":"https:\/\/archive.sana.sy\/tr\/index.php?rest_route=\/wp\/v2\/users\/36"}],"replies":[{"embeddable":true,"href":"https:\/\/archive.sana.sy\/tr\/index.php?rest_route=%2Fwp%2Fv2%2Fcomments&post=269651"}],"version-history":[{"count":0,"href":"https:\/\/archive.sana.sy\/tr\/index.php?rest_route=\/wp\/v2\/posts\/269651\/revisions"}],"wp:featuredmedia":[{"embeddable":true,"href":"https:\/\/archive.sana.sy\/tr\/index.php?rest_route=\/wp\/v2\/media\/269652"}],"wp:attachment":[{"href":"https:\/\/archive.sana.sy\/tr\/index.php?rest_route=%2Fwp%2Fv2%2Fmedia&parent=269651"}],"wp:term":[{"taxonomy":"category","embeddable":true,"href":"https:\/\/archive.sana.sy\/tr\/index.php?rest_route=%2Fwp%2Fv2%2Fcategories&post=269651"},{"taxonomy":"post_tag","embeddable":true,"href":"https:\/\/archive.sana.sy\/tr\/index.php?rest_route=%2Fwp%2Fv2%2Ftags&post=269651"}],"curies":[{"name":"wp","href":"https:\/\/api.w.org\/{rel}","templated":true}]}}