{"id":269682,"date":"2022-12-21T15:56:23","date_gmt":"2022-12-21T13:56:23","guid":{"rendered":"http:\/\/107.6.182.27\/tr\/?p=269682"},"modified":"2022-12-21T15:56:23","modified_gmt":"2022-12-21T13:56:23","slug":"putin-kiev-rejimi-donetskteki-yerlesim-bolgelerini-ve-sivilleri-kasten-hedef-aliyor","status":"publish","type":"post","link":"https:\/\/archive.sana.sy\/tr\/?p=269682","title":{"rendered":"Putin: Kiev Rejimi, Donetsk&#8217;teki Yerle\u015fim B\u00f6lgelerini Ve Sivilleri Kasten Hedef Al\u0131yor"},"content":{"rendered":"<p><strong>MOSKOVA<\/strong>&#8211; Rusya Devlet Ba\u015fkan\u0131 Vladimir Putin, Kiev rejiminin kas\u0131tl\u0131 olarak Donetsk kentindeki yerle\u015fim b\u00f6lgelerini ve sivilleri hedef ald\u0131\u011f\u0131n\u0131vurgulad\u0131.<\/p>\n<p>Russia Today&#8217;in aktard\u0131\u011f\u0131na g\u00f6re Putin, Donetsk Halk Cumhuriyeti Ba\u015fkan Vekili Denis Pushlin ile yapt\u0131\u011f\u0131 g\u00f6r\u00fc\u015fmede, \u2018\u2019 Donetsk&#8217;teki g\u00fcvenlik durumunun, Ukrayna g\u00fc\u00e7lerinin Donetsk&#8217;teki yerle\u015fim yerlerine yo\u011fun bombard\u0131man\u0131 g\u00f6z \u00f6n\u00fcne al\u0131nd\u0131\u011f\u0131nda, Lugansk&#8217;takinden daha az \u015fiddetli olmad\u0131\u011f\u0131 a\u00e7\u0131kt\u0131r\u2019\u2019 ifadalerinin kullanarak, bu bombalamadan bahseden herhangi bir yabanc\u0131 medya ya da insan haklar\u0131 \u00f6rg\u00fct\u00fc olmad\u0131\u011f\u0131na dikkat \u00e7ekiliyor.<\/p>\n<p>R.M<\/p>\n<p><a class=\"x1i10hfl xjbqb8w x6umtig x1b1mbwd xaqea5y xav7gou x9f619 x1ypdohk xt0psk2 xe8uvvx xdj266r x11i5rnm xat24cr x1mh8g0r xexx8yu x4uap5 x18d9i69 xkhd6sd x16tdsg8 x1hl2dhg xggy1nq x1a2a7pz xt0b8zv x1qq9wsj xo1l8bm\" tabindex=\"0\" role=\"link\" href=\"https:\/\/www.facebook.com\/hashtag\/telegram_kanal%C4%B1m%C4%B1z?__eep__=6&amp;__cft__[0]=AZVEFRdbT-halEQXlBSKD5uVeJ2HbMw5S31upYC_3U7s4tfvQd4bgdDHTsG1suGQmrsN5vCCQsWkLw9KPnAwkbh34XSLR-6u-aCbCcBip-vm_Dtt9Tw3ZxXHPRa64tLa5g8&amp;__tn__=*NK-R\">#Telegram_Kanal\u0131m\u0131z<\/a>:\u00a0<a class=\"x1i10hfl xjbqb8w x6umtig x1b1mbwd xaqea5y xav7gou x9f619 x1ypdohk xt0psk2 xe8uvvx xdj266r x11i5rnm xat24cr x1mh8g0r xexx8yu x4uap5 x18d9i69 xkhd6sd x16tdsg8 x1hl2dhg xggy1nq x1a2a7pz xt0b8zv x1fey0fg\" tabindex=\"0\" role=\"link\" href=\"https:\/\/t.me\/SuriyeArapHaberAjans%C4%B1?fbclid=IwAR3p7vDSDzVl_hhGBQARMPWuyBkNJRbKDzKk_R0uxYHCwX16jlrmRD4RwFU\" target=\"_blank\" rel=\"nofollow noopener\">https:\/\/t.me\/SuriyeArapHaberAjans\u0131<\/a><\/p>\n","protected":false},"excerpt":{"rendered":"<p>MOSKOVA&#8211; Rusya Devlet Ba\u015fkan\u0131 Vladimir Putin, Kiev rejiminin kas\u0131tl\u0131 olarak Donetsk kentindeki yerle\u015fim b\u00f6lgelerini ve sivilleri hedef ald\u0131\u011f\u0131n\u0131vurgulad\u0131. Russia Today&#8217;in aktard\u0131\u011f\u0131na g\u00f6re Putin, Donetsk Halk Cumhuriyeti Ba\u015fkan Vekili Denis Pushlin ile yapt\u0131\u011f\u0131 g\u00f6r\u00fc\u015fmede, \u2018\u2019 Donetsk&#8217;teki g\u00fcvenlik durumunun, Ukrayna g\u00fc\u00e7lerinin Donetsk&#8217;teki yerle\u015fim yerlerine yo\u011fun bombard\u0131man\u0131 g\u00f6z \u00f6n\u00fcne al\u0131nd\u0131\u011f\u0131nda, Lugansk&#8217;takinden daha az \u015fiddetli olmad\u0131\u011f\u0131 a\u00e7\u0131kt\u0131r\u2019\u2019 ifadalerinin kullanarak, &hellip;<\/p>\n","protected":false},"author":41,"featured_media":269683,"comment_status":"closed","ping_status":"closed","sticky":false,"template":"","format":"standard","meta":{"footnotes":""},"categories":[458,459,17988],"tags":[],"class_list":["post-269682","post","type-post","status-publish","format-standard","has-post-thumbnail","","category-dunya1","category-haberler-arap-uluslararasi-politika","category-son-haberler"],"_links":{"self":[{"href":"https:\/\/archive.sana.sy\/tr\/index.php?rest_route=\/wp\/v2\/posts\/269682","targetHints":{"allow":["GET"]}}],"collection":[{"href":"https:\/\/archive.sana.sy\/tr\/index.php?rest_route=\/wp\/v2\/posts"}],"about":[{"href":"https:\/\/archive.sana.sy\/tr\/index.php?rest_route=\/wp\/v2\/types\/post"}],"author":[{"embeddable":true,"href":"https:\/\/archive.sana.sy\/tr\/index.php?rest_route=\/wp\/v2\/users\/41"}],"replies":[{"embeddable":true,"href":"https:\/\/archive.sana.sy\/tr\/index.php?rest_route=%2Fwp%2Fv2%2Fcomments&post=269682"}],"version-history":[{"count":0,"href":"https:\/\/archive.sana.sy\/tr\/index.php?rest_route=\/wp\/v2\/posts\/269682\/revisions"}],"wp:featuredmedia":[{"embeddable":true,"href":"https:\/\/archive.sana.sy\/tr\/index.php?rest_route=\/wp\/v2\/media\/269683"}],"wp:attachment":[{"href":"https:\/\/archive.sana.sy\/tr\/index.php?rest_route=%2Fwp%2Fv2%2Fmedia&parent=269682"}],"wp:term":[{"taxonomy":"category","embeddable":true,"href":"https:\/\/archive.sana.sy\/tr\/index.php?rest_route=%2Fwp%2Fv2%2Fcategories&post=269682"},{"taxonomy":"post_tag","embeddable":true,"href":"https:\/\/archive.sana.sy\/tr\/index.php?rest_route=%2Fwp%2Fv2%2Ftags&post=269682"}],"curies":[{"name":"wp","href":"https:\/\/api.w.org\/{rel}","templated":true}]}}