{"id":269685,"date":"2022-12-21T16:14:51","date_gmt":"2022-12-21T14:14:51","guid":{"rendered":"http:\/\/107.6.182.27\/tr\/?p=269685"},"modified":"2022-12-22T07:12:33","modified_gmt":"2022-12-22T05:12:33","slug":"ekonomi-bakani-iranli-bir-heyet-ile-isbirligi-iiliskilerini-guclendirmeyi-gorustu","status":"publish","type":"post","link":"https:\/\/archive.sana.sy\/tr\/?p=269685","title":{"rendered":"Ekonomi Bakan\u0131 \u0130ranl\u0131 Bir Heyet \u0130le \u0130\u015fbirli\u011fi \u0130\u0130li\u015fkilerini G\u00fc\u00e7lendirmeyi G\u00f6r\u00fc\u015ft\u00fc"},"content":{"rendered":"<p><strong>TAHRAN<\/strong> \u2013 Ekonomi ve D\u0131\u015f Ticaret Bakan\u0131\u00a0 Muhammed Samir El Halil, \u0130ran Savunma Bakan\u0131 Dan\u0131\u015fman\u0131 ve \u0130ran Savunma Bakanl\u0131\u011f\u0131 Ekonomik \u0130\u015fbirli\u011fi Karargah\u0131 Ba\u015fkan\u0131 Mustafa \u0130sbati ve beraberindeki heyet ile iki \u00fclke aras\u0131ndaki i\u015fbirli\u011fi ili\u015fkilerinin g\u00fc\u00e7lendirilmesi konusunu g\u00f6r\u00fc\u015ft\u00fc.<\/p>\n<p><img loading=\"lazy\" decoding=\"async\" class=\" wp-image-269688 alignright\" src=\"http:\/\/107.6.182.27\/tr\/wp-content\/uploads\/2022\/12\/DS2_4204-300x199-1.jpg\" alt=\"\" width=\"237\" height=\"157\" srcset=\"https:\/\/archive.sana.sy\/tr\/wp-content\/uploads\/2022\/12\/DS2_4204-300x199-1.jpg 300w, https:\/\/archive.sana.sy\/tr\/wp-content\/uploads\/2022\/12\/DS2_4204-300x199-1-150x100.jpg 150w\" sizes=\"auto, (max-width: 237px) 100vw, 237px\" \/>Bakan El Halil, ikili ili\u015fkilerin peki\u015ftirilmesi ve geli\u015ftirilmesi ve \u00e7e\u015fitli alanlarda \u00f6nemli projelerin hayata ge\u00e7irilmesi i\u00e7in g\u00f6sterilen \u00e7abalar\u0131n \u00f6nemini vurgulayarak, ticaretin m\u00fcbadele (takas) esas\u0131na g\u00f6re her iki \u00fclkenin de menfaatine olacak \u015fekilde art\u0131r\u0131lmas\u0131 gerekti\u011fine i\u015faret etti.<\/p>\n<p>Ekonomi Bakanl\u0131\u011f\u0131 binas\u0131nda ger\u00e7ekle\u015ftirilen g\u00f6r\u00fc\u015fmede, sahada uygulanabilir ve uygulanabilir sonu\u00e7lara ula\u015fmak i\u00e7in ortak ili\u015fkilerin geli\u015fmesini engelleyen g\u00fc\u00e7l\u00fcklerin a\u015f\u0131lmas\u0131 ele al\u0131nd\u0131.<\/p>\n<p>R.M<\/p>\n<p><a class=\"x1i10hfl xjbqb8w x6umtig x1b1mbwd xaqea5y xav7gou x9f619 x1ypdohk xt0psk2 xe8uvvx xdj266r x11i5rnm xat24cr x1mh8g0r xexx8yu x4uap5 x18d9i69 xkhd6sd x16tdsg8 x1hl2dhg xggy1nq x1a2a7pz xt0b8zv x1qq9wsj xo1l8bm\" tabindex=\"0\" role=\"link\" href=\"https:\/\/www.facebook.com\/hashtag\/telegram_kanal%C4%B1m%C4%B1z?__eep__=6&amp;__cft__[0]=AZVEFRdbT-halEQXlBSKD5uVeJ2HbMw5S31upYC_3U7s4tfvQd4bgdDHTsG1suGQmrsN5vCCQsWkLw9KPnAwkbh34XSLR-6u-aCbCcBip-vm_Dtt9Tw3ZxXHPRa64tLa5g8&amp;__tn__=*NK-R\">#Telegram_Kanal\u0131m\u0131z<\/a>:\u00a0<a class=\"x1i10hfl xjbqb8w x6umtig x1b1mbwd xaqea5y xav7gou x9f619 x1ypdohk xt0psk2 xe8uvvx xdj266r x11i5rnm xat24cr x1mh8g0r xexx8yu x4uap5 x18d9i69 xkhd6sd x16tdsg8 x1hl2dhg xggy1nq x1a2a7pz xt0b8zv x1fey0fg\" tabindex=\"0\" role=\"link\" href=\"https:\/\/t.me\/SuriyeArapHaberAjans%C4%B1?fbclid=IwAR3p7vDSDzVl_hhGBQARMPWuyBkNJRbKDzKk_R0uxYHCwX16jlrmRD4RwFU\" target=\"_blank\" rel=\"nofollow noopener\">https:\/\/t.me\/SuriyeArapHaberAjans\u0131<\/a><\/p>\n","protected":false},"excerpt":{"rendered":"<p>TAHRAN \u2013 Ekonomi ve D\u0131\u015f Ticaret Bakan\u0131\u00a0 Muhammed Samir El Halil, \u0130ran Savunma Bakan\u0131 Dan\u0131\u015fman\u0131 ve \u0130ran Savunma Bakanl\u0131\u011f\u0131 Ekonomik \u0130\u015fbirli\u011fi Karargah\u0131 Ba\u015fkan\u0131 Mustafa \u0130sbati ve beraberindeki heyet ile iki \u00fclke aras\u0131ndaki i\u015fbirli\u011fi ili\u015fkilerinin g\u00fc\u00e7lendirilmesi konusunu g\u00f6r\u00fc\u015ft\u00fc. Bakan El Halil, ikili ili\u015fkilerin peki\u015ftirilmesi ve geli\u015ftirilmesi ve \u00e7e\u015fitli alanlarda \u00f6nemli projelerin hayata ge\u00e7irilmesi i\u00e7in g\u00f6sterilen \u00e7abalar\u0131n &hellip;<\/p>\n","protected":false},"author":41,"featured_media":269687,"comment_status":"closed","ping_status":"closed","sticky":false,"template":"","format":"standard","meta":{"footnotes":""},"categories":[485,486,479,17988,478],"tags":[],"class_list":["post-269685","post","type-post","status-publish","format-standard","has-post-thumbnail","","category-is-ve-sermaye","category-haberler-is-ve-sermaye","category-haberler-yerel","category-son-haberler","category-yerel"],"_links":{"self":[{"href":"https:\/\/archive.sana.sy\/tr\/index.php?rest_route=\/wp\/v2\/posts\/269685","targetHints":{"allow":["GET"]}}],"collection":[{"href":"https:\/\/archive.sana.sy\/tr\/index.php?rest_route=\/wp\/v2\/posts"}],"about":[{"href":"https:\/\/archive.sana.sy\/tr\/index.php?rest_route=\/wp\/v2\/types\/post"}],"author":[{"embeddable":true,"href":"https:\/\/archive.sana.sy\/tr\/index.php?rest_route=\/wp\/v2\/users\/41"}],"replies":[{"embeddable":true,"href":"https:\/\/archive.sana.sy\/tr\/index.php?rest_route=%2Fwp%2Fv2%2Fcomments&post=269685"}],"version-history":[{"count":0,"href":"https:\/\/archive.sana.sy\/tr\/index.php?rest_route=\/wp\/v2\/posts\/269685\/revisions"}],"wp:featuredmedia":[{"embeddable":true,"href":"https:\/\/archive.sana.sy\/tr\/index.php?rest_route=\/wp\/v2\/media\/269687"}],"wp:attachment":[{"href":"https:\/\/archive.sana.sy\/tr\/index.php?rest_route=%2Fwp%2Fv2%2Fmedia&parent=269685"}],"wp:term":[{"taxonomy":"category","embeddable":true,"href":"https:\/\/archive.sana.sy\/tr\/index.php?rest_route=%2Fwp%2Fv2%2Fcategories&post=269685"},{"taxonomy":"post_tag","embeddable":true,"href":"https:\/\/archive.sana.sy\/tr\/index.php?rest_route=%2Fwp%2Fv2%2Ftags&post=269685"}],"curies":[{"name":"wp","href":"https:\/\/api.w.org\/{rel}","templated":true}]}}