{"id":269690,"date":"2022-12-21T16:46:45","date_gmt":"2022-12-21T14:46:45","guid":{"rendered":"http:\/\/107.6.182.27\/tr\/?p=269690"},"modified":"2022-12-22T08:57:45","modified_gmt":"2022-12-22T06:57:45","slug":"icisleri-bakani-birlesmis-milletler-multeciler-yuksek-komiserligi-misyon-baskani-yerinden-edilenlerin-geri-donusu-icin-gerekli-tum-kolayliklari-saglanmaktadir","status":"publish","type":"post","link":"https:\/\/archive.sana.sy\/tr\/?p=269690","title":{"rendered":"\u0130\u00e7i\u015fleri Bakan\u0131, BMMYK Misyonu Ba\u015fkan\u0131na: Yerinden Edilenlerin Geri D\u00f6n\u00fc\u015f\u00fc \u0130\u00e7in Gerekli T\u00fcm Kolayl\u0131klar\u0131 Sa\u011flanmaktad\u0131r"},"content":{"rendered":"<p><strong>\u015eAM<\/strong> &#8211; \u0130\u00e7i\u015fleri Bakan\u0131 T\u00fcmgeneral Muhammed El Rahmun, Suriye&#8217;deki BMMYK misyonu ba\u015fkan\u0131 Sivanka Dana Bala ile vatanda\u015flara hizmet sunmak i\u00e7in iki taraf aras\u0131ndaki ortak i\u015fbirli\u011fini g\u00f6r\u00fc\u015ft\u00fc.<\/p>\n<p><img loading=\"lazy\" decoding=\"async\" class=\"size-full wp-image-269692 alignright\" src=\"http:\/\/107.6.182.27\/tr\/wp-content\/uploads\/2022\/12\/DSCF5628-copy-300x225-1.jpg\" alt=\"\" width=\"300\" height=\"225\" srcset=\"https:\/\/archive.sana.sy\/tr\/wp-content\/uploads\/2022\/12\/DSCF5628-copy-300x225-1.jpg 300w, https:\/\/archive.sana.sy\/tr\/wp-content\/uploads\/2022\/12\/DSCF5628-copy-300x225-1-150x113.jpg 150w\" sizes=\"auto, (max-width: 300px) 100vw, 300px\" \/>El Rahmun, Suriye devletinin uluslararas\u0131 y\u00fck\u00fcml\u00fcl\u00fckleri, yasalar\u0131 ve ulusal egemenli\u011fi do\u011frultusunda Komisyon ile i\u015fbirli\u011fini g\u00fc\u00e7lendirmeye ve geli\u015ftirmeye ve \u00e7al\u0131\u015fmalar\u0131 i\u00e7in gerekli kolayl\u0131klar\u0131 sa\u011flamaya devam etti\u011fini belirterek, bakanl\u0131\u011f\u0131n, yerinden edilenlerin anavatanlar\u0131na d\u00f6n\u00fc\u015flerini sa\u011flamak i\u00e7in gerekli t\u00fcm kolayl\u0131klar\u0131 sa\u011flad\u0131\u011f\u0131n\u0131 vurgulad\u0131.<\/p>\n<p>El Rahmun ayr\u0131ca, bakanl\u0131\u011f\u0131n yerinden edilmi\u015f ki\u015filerin Suriye Arap Cumhuriyeti vatanda\u015f\u0131 olduklar\u0131n\u0131 kan\u0131tlayan herhangi bir belgeyle giri\u015fine izin verdi\u011fine dikkat \u00e7ekti.<\/p>\n<p>Misyon ba\u015fkan\u0131, Komisyon \u00e7al\u0131\u015fmalar\u0131ndan istenen sonu\u00e7lar\u0131n elde edilmesini sa\u011flamak i\u00e7in Suriye h\u00fck\u00fcmeti ile koordinasyon ve i\u015fbirli\u011finin takibini vurgularken, Suriye devletinin yerinden edilenlerin anavatanlar\u0131na d\u00f6n\u00fc\u015fleri i\u00e7in gerekli kolayl\u0131klar\u0131 sa\u011flama \u00e7abalar\u0131na dikkat \u00e7ekti.<\/p>\n<p>R.M<\/p>\n<p><a class=\"x1i10hfl xjbqb8w x6umtig x1b1mbwd xaqea5y xav7gou x9f619 x1ypdohk xt0psk2 xe8uvvx xdj266r x11i5rnm xat24cr x1mh8g0r xexx8yu x4uap5 x18d9i69 xkhd6sd x16tdsg8 x1hl2dhg xggy1nq x1a2a7pz xt0b8zv x1qq9wsj xo1l8bm\" tabindex=\"0\" role=\"link\" href=\"https:\/\/www.facebook.com\/hashtag\/telegram_kanal%C4%B1m%C4%B1z?__eep__=6&amp;__cft__[0]=AZVEFRdbT-halEQXlBSKD5uVeJ2HbMw5S31upYC_3U7s4tfvQd4bgdDHTsG1suGQmrsN5vCCQsWkLw9KPnAwkbh34XSLR-6u-aCbCcBip-vm_Dtt9Tw3ZxXHPRa64tLa5g8&amp;__tn__=*NK-R\">#Telegram_Kanal\u0131m\u0131z<\/a>:\u00a0<a class=\"x1i10hfl xjbqb8w x6umtig x1b1mbwd xaqea5y xav7gou x9f619 x1ypdohk xt0psk2 xe8uvvx xdj266r x11i5rnm xat24cr x1mh8g0r xexx8yu x4uap5 x18d9i69 xkhd6sd x16tdsg8 x1hl2dhg xggy1nq x1a2a7pz xt0b8zv x1fey0fg\" tabindex=\"0\" role=\"link\" href=\"https:\/\/t.me\/SuriyeArapHaberAjans%C4%B1?fbclid=IwAR3p7vDSDzVl_hhGBQARMPWuyBkNJRbKDzKk_R0uxYHCwX16jlrmRD4RwFU\" target=\"_blank\" rel=\"nofollow noopener\">https:\/\/t.me\/SuriyeArapHaberAjans\u0131<\/a><\/p>\n","protected":false},"excerpt":{"rendered":"<p>\u015eAM &#8211; \u0130\u00e7i\u015fleri Bakan\u0131 T\u00fcmgeneral Muhammed El Rahmun, Suriye&#8217;deki BMMYK misyonu ba\u015fkan\u0131 Sivanka Dana Bala ile vatanda\u015flara hizmet sunmak i\u00e7in iki taraf aras\u0131ndaki ortak i\u015fbirli\u011fini g\u00f6r\u00fc\u015ft\u00fc. El Rahmun, Suriye devletinin uluslararas\u0131 y\u00fck\u00fcml\u00fcl\u00fckleri, yasalar\u0131 ve ulusal egemenli\u011fi do\u011frultusunda Komisyon ile i\u015fbirli\u011fini g\u00fc\u00e7lendirmeye ve geli\u015ftirmeye ve \u00e7al\u0131\u015fmalar\u0131 i\u00e7in gerekli kolayl\u0131klar\u0131 sa\u011flamaya devam etti\u011fini belirterek, bakanl\u0131\u011f\u0131n, yerinden edilenlerin &hellip;<\/p>\n","protected":false},"author":41,"featured_media":269693,"comment_status":"closed","ping_status":"closed","sticky":false,"template":"","format":"standard","meta":{"footnotes":""},"categories":[479,17988,478],"tags":[],"class_list":["post-269690","post","type-post","status-publish","format-standard","has-post-thumbnail","","category-haberler-yerel","category-son-haberler","category-yerel"],"_links":{"self":[{"href":"https:\/\/archive.sana.sy\/tr\/index.php?rest_route=\/wp\/v2\/posts\/269690","targetHints":{"allow":["GET"]}}],"collection":[{"href":"https:\/\/archive.sana.sy\/tr\/index.php?rest_route=\/wp\/v2\/posts"}],"about":[{"href":"https:\/\/archive.sana.sy\/tr\/index.php?rest_route=\/wp\/v2\/types\/post"}],"author":[{"embeddable":true,"href":"https:\/\/archive.sana.sy\/tr\/index.php?rest_route=\/wp\/v2\/users\/41"}],"replies":[{"embeddable":true,"href":"https:\/\/archive.sana.sy\/tr\/index.php?rest_route=%2Fwp%2Fv2%2Fcomments&post=269690"}],"version-history":[{"count":0,"href":"https:\/\/archive.sana.sy\/tr\/index.php?rest_route=\/wp\/v2\/posts\/269690\/revisions"}],"wp:featuredmedia":[{"embeddable":true,"href":"https:\/\/archive.sana.sy\/tr\/index.php?rest_route=\/wp\/v2\/media\/269693"}],"wp:attachment":[{"href":"https:\/\/archive.sana.sy\/tr\/index.php?rest_route=%2Fwp%2Fv2%2Fmedia&parent=269690"}],"wp:term":[{"taxonomy":"category","embeddable":true,"href":"https:\/\/archive.sana.sy\/tr\/index.php?rest_route=%2Fwp%2Fv2%2Fcategories&post=269690"},{"taxonomy":"post_tag","embeddable":true,"href":"https:\/\/archive.sana.sy\/tr\/index.php?rest_route=%2Fwp%2Fv2%2Ftags&post=269690"}],"curies":[{"name":"wp","href":"https:\/\/api.w.org\/{rel}","templated":true}]}}