{"id":269709,"date":"2022-12-21T19:42:10","date_gmt":"2022-12-21T17:42:10","guid":{"rendered":"http:\/\/107.6.182.27\/tr\/?p=269709"},"modified":"2022-12-29T10:06:09","modified_gmt":"2022-12-29T08:06:09","slug":"hama-kirsalinda-terorden-arta-kalan-mayin-patlamasi-sonucu-bir-genc-sehit-dustu","status":"publish","type":"post","link":"https:\/\/archive.sana.sy\/tr\/?p=269709","title":{"rendered":"Hama K\u0131rsal\u0131nda Ter\u00f6rden Arta Kalan May\u0131n Patlamas\u0131 Sonucu Bir Gen\u00e7 \u015eehit D\u00fc\u015ft\u00fc"},"content":{"rendered":"<p><strong>HAMA<\/strong> &#8211; Hama&#8217;n\u0131n do\u011fu k\u0131rsal\u0131na ba\u011fl\u0131 Huveyvis k\u00f6y\u00fcnde ter\u00f6ristlerin (I\u015e\u0130D) b\u0131rakt\u0131\u011f\u0131 may\u0131n patlamas\u0131 sonucu bir gen\u00e7 \u015fehit d\u00fc\u015ft\u00fc.<\/p>\n<p>Salamiye Ulusal Hastanesi Genel M\u00fcd\u00fcr\u00fc Dr. Osama Milhim, SANA muhabirine\u00a0 yapt\u0131\u011f\u0131 a\u00e7\u0131klamada, 17 ya\u015f\u0131ndaki bir erkek cesedinin bu ak\u015fam hastaneye kald\u0131r\u0131ld\u0131\u011f\u0131n\u0131 ve vefat\u0131n nedeninin, do\u011fu k\u0131rsal\u0131ndaki Huveyvis k\u00f6y\u00fcnde koyun otlat\u0131rken patlamas\u0131 sonucu v\u00fccudunun \u00e7e\u015fitli yerlerinde ald\u0131\u011f\u0131 a\u011f\u0131r yaralardan kaynakland\u0131\u011f\u0131n\u0131 belirtti.<\/p>\n<p>R.M<\/p>\n<p><a class=\"x1i10hfl xjbqb8w x6umtig x1b1mbwd xaqea5y xav7gou x9f619 x1ypdohk xt0psk2 xe8uvvx xdj266r x11i5rnm xat24cr x1mh8g0r xexx8yu x4uap5 x18d9i69 xkhd6sd x16tdsg8 x1hl2dhg xggy1nq x1a2a7pz xt0b8zv x1qq9wsj xo1l8bm\" tabindex=\"0\" role=\"link\" href=\"https:\/\/www.facebook.com\/hashtag\/telegram_kanal%C4%B1m%C4%B1z?__eep__=6&amp;__cft__[0]=AZVEFRdbT-halEQXlBSKD5uVeJ2HbMw5S31upYC_3U7s4tfvQd4bgdDHTsG1suGQmrsN5vCCQsWkLw9KPnAwkbh34XSLR-6u-aCbCcBip-vm_Dtt9Tw3ZxXHPRa64tLa5g8&amp;__tn__=*NK-R\">#Telegram_Kanal\u0131m\u0131z<\/a>:\u00a0<a class=\"x1i10hfl xjbqb8w x6umtig x1b1mbwd xaqea5y xav7gou x9f619 x1ypdohk xt0psk2 xe8uvvx xdj266r x11i5rnm xat24cr x1mh8g0r xexx8yu x4uap5 x18d9i69 xkhd6sd x16tdsg8 x1hl2dhg xggy1nq x1a2a7pz xt0b8zv x1fey0fg\" tabindex=\"0\" role=\"link\" href=\"https:\/\/t.me\/SuriyeArapHaberAjans%C4%B1?fbclid=IwAR3p7vDSDzVl_hhGBQARMPWuyBkNJRbKDzKk_R0uxYHCwX16jlrmRD4RwFU\" target=\"_blank\" rel=\"nofollow noopener\">https:\/\/t.me\/SuriyeArapHaberAjans\u0131<\/a><\/p>\n","protected":false},"excerpt":{"rendered":"<p>HAMA &#8211; Hama&#8217;n\u0131n do\u011fu k\u0131rsal\u0131na ba\u011fl\u0131 Huveyvis k\u00f6y\u00fcnde ter\u00f6ristlerin (I\u015e\u0130D) b\u0131rakt\u0131\u011f\u0131 may\u0131n patlamas\u0131 sonucu bir gen\u00e7 \u015fehit d\u00fc\u015ft\u00fc. Salamiye Ulusal Hastanesi Genel M\u00fcd\u00fcr\u00fc Dr. Osama Milhim, SANA muhabirine\u00a0 yapt\u0131\u011f\u0131 a\u00e7\u0131klamada, 17 ya\u015f\u0131ndaki bir erkek cesedinin bu ak\u015fam hastaneye kald\u0131r\u0131ld\u0131\u011f\u0131n\u0131 ve vefat\u0131n nedeninin, do\u011fu k\u0131rsal\u0131ndaki Huveyvis k\u00f6y\u00fcnde koyun otlat\u0131rken patlamas\u0131 sonucu v\u00fccudunun \u00e7e\u015fitli yerlerinde ald\u0131\u011f\u0131 a\u011f\u0131r &hellip;<\/p>\n","protected":false},"author":41,"featured_media":269710,"comment_status":"closed","ping_status":"closed","sticky":false,"template":"","format":"standard","meta":{"footnotes":""},"categories":[479,575,17988,478],"tags":[],"class_list":["post-269709","post","type-post","status-publish","format-standard","has-post-thumbnail","","category-haberler-yerel","category-olaylar-ve-gercekler","category-son-haberler","category-yerel"],"_links":{"self":[{"href":"https:\/\/archive.sana.sy\/tr\/index.php?rest_route=\/wp\/v2\/posts\/269709","targetHints":{"allow":["GET"]}}],"collection":[{"href":"https:\/\/archive.sana.sy\/tr\/index.php?rest_route=\/wp\/v2\/posts"}],"about":[{"href":"https:\/\/archive.sana.sy\/tr\/index.php?rest_route=\/wp\/v2\/types\/post"}],"author":[{"embeddable":true,"href":"https:\/\/archive.sana.sy\/tr\/index.php?rest_route=\/wp\/v2\/users\/41"}],"replies":[{"embeddable":true,"href":"https:\/\/archive.sana.sy\/tr\/index.php?rest_route=%2Fwp%2Fv2%2Fcomments&post=269709"}],"version-history":[{"count":0,"href":"https:\/\/archive.sana.sy\/tr\/index.php?rest_route=\/wp\/v2\/posts\/269709\/revisions"}],"wp:featuredmedia":[{"embeddable":true,"href":"https:\/\/archive.sana.sy\/tr\/index.php?rest_route=\/wp\/v2\/media\/269710"}],"wp:attachment":[{"href":"https:\/\/archive.sana.sy\/tr\/index.php?rest_route=%2Fwp%2Fv2%2Fmedia&parent=269709"}],"wp:term":[{"taxonomy":"category","embeddable":true,"href":"https:\/\/archive.sana.sy\/tr\/index.php?rest_route=%2Fwp%2Fv2%2Fcategories&post=269709"},{"taxonomy":"post_tag","embeddable":true,"href":"https:\/\/archive.sana.sy\/tr\/index.php?rest_route=%2Fwp%2Fv2%2Ftags&post=269709"}],"curies":[{"name":"wp","href":"https:\/\/api.w.org\/{rel}","templated":true}]}}