{"id":26971,"date":"2015-03-19T17:15:41","date_gmt":"2015-03-19T15:15:41","guid":{"rendered":"http:\/\/www.sana.sy\/tr\/?p=26971"},"modified":"2015-03-19T17:17:03","modified_gmt":"2015-03-19T15:17:03","slug":"esad-yonetiminde-etkin-bir-savas-yurutuyor","status":"publish","type":"post","link":"https:\/\/archive.sana.sy\/tr\/?p=26971","title":{"rendered":"Suriye, Esad Y\u00f6netiminde I\u015e\u0130D&#8217;e Kar\u015f\u0131 Etkin Bir Sava\u015f Y\u00fcr\u00fct\u00fcyor"},"content":{"rendered":"<p>MOSKOVA \u2013 ABD Senato Meclisinde Senat\u00f6r Richard Black Suriye&#8217;nin Cumhurba\u015fkan\u0131 Be\u015f\u015far el Esad\u2019\u0131n y\u00f6netiminde I\u015e\u0130D \u00d6rg\u00fct\u00fcne kar\u015f\u0131 etkin bir sava\u015f y\u00fcr\u00fctt\u00fc\u011f\u00fcn\u00fc ve H\u0131ristiyanlar dahil t\u00fcm vatanda\u015flar\u0131n\u0131 korudu\u011funu belirtti.<\/p>\n<p>ABD\u2019nin Virginya Eyaletinden Senat\u00f6r Black RT Televizyonunun bug\u00fcn yay\u0131nlad\u0131\u011f\u0131 a\u00e7\u0131klamalar\u0131nda; Suriye&#8217;nin Arap medeniyetinin kilit noktas\u0131 oldu\u011funu s\u00f6yledi. Black Suriye&#8217;de ya\u015fananlar\u0131n t\u00fcm b\u00f6lgeye ilaveten Avrupa\u2019y\u0131 da etkiledi\u011finin alt\u0131n\u0131 \u00e7izdi.<\/p>\n<p>Ayn\u0131 zamanda Amerikal\u0131 eski bir asker olan Black; I\u015e\u0130D\u2019in ba\u015fkent \u015eam\u2019a ula\u015fmas\u0131 halinde Avrupa\u2019n\u0131n tamam\u0131yla I\u015e\u0130D\u2019in eline d\u00fc\u015fece\u011fi tehlikesine kar\u015f\u0131 uyard\u0131. Black \u00f6yle ki I\u015e\u0130D\u2019in ba\u015fkent \u015eam\u2019a ula\u015fmas\u0131 ard\u0131ndan \u00dcrd\u00fcn, L\u00fcbnan ve daha ba\u015fka devletlerin I\u015e\u0130D\u2019in eline d\u00fc\u015fmesinin sadece an meselesi olaca\u011f\u0131n\u0131, ard\u0131ndan da I\u015e\u0130D\u2019in Avrupa\u2019y\u0131 hedef alaca\u011f\u0131n\u0131 s\u00f6yledi.<\/p>\n<p>Amerikal\u0131 senat\u00f6r Black; ABD\u2019nin Ortado\u011fu\u2019ya m\u00fcdahaleleri nedeniyle b\u00f6lge halk\u0131n\u0131n muhtelif kesimlerinden y\u00fcz binlerce insan\u0131n tehcir edildi\u011fini ve k\u00f6t\u00fc insani durumlara maruz kald\u0131klar\u0131na dikkat \u00e7ekti.<\/p>\n<p>A.A.<\/p>\n","protected":false},"excerpt":{"rendered":"<p>MOSKOVA \u2013 ABD Senato Meclisinde Senat\u00f6r Richard Black Suriye&#8217;nin Cumhurba\u015fkan\u0131 Be\u015f\u015far el Esad\u2019\u0131n y\u00f6netiminde I\u015e\u0130D \u00d6rg\u00fct\u00fcne kar\u015f\u0131 etkin bir sava\u015f y\u00fcr\u00fctt\u00fc\u011f\u00fcn\u00fc ve H\u0131ristiyanlar dahil t\u00fcm vatanda\u015flar\u0131n\u0131 korudu\u011funu belirtti. ABD\u2019nin Virginya Eyaletinden Senat\u00f6r Black RT Televizyonunun bug\u00fcn yay\u0131nlad\u0131\u011f\u0131 a\u00e7\u0131klamalar\u0131nda; Suriye&#8217;nin Arap medeniyetinin kilit noktas\u0131 oldu\u011funu s\u00f6yledi. Black Suriye&#8217;de ya\u015fananlar\u0131n t\u00fcm b\u00f6lgeye ilaveten Avrupa\u2019y\u0131 da etkiledi\u011finin alt\u0131n\u0131 &hellip;<\/p>\n","protected":false},"author":1,"featured_media":26972,"comment_status":"closed","ping_status":"closed","sticky":false,"template":"","format":"standard","meta":{"footnotes":""},"categories":[458,459,447],"tags":[12730],"class_list":["post-26971","post","type-post","status-publish","format-standard","has-post-thumbnail","","category-dunya1","category-haberler-arap-uluslararasi-politika","category-politika","tag-esad-yonetiminde-etkin-bir-savas-yurutuyor-washington-abd-senato-meclisinde-senator-richard-black-suriyenin-cumhurbaskani-bessar-el-esadin-yonetiminde-isid-orgutune-karsi-etkin-bir"],"_links":{"self":[{"href":"https:\/\/archive.sana.sy\/tr\/index.php?rest_route=\/wp\/v2\/posts\/26971","targetHints":{"allow":["GET"]}}],"collection":[{"href":"https:\/\/archive.sana.sy\/tr\/index.php?rest_route=\/wp\/v2\/posts"}],"about":[{"href":"https:\/\/archive.sana.sy\/tr\/index.php?rest_route=\/wp\/v2\/types\/post"}],"author":[{"embeddable":true,"href":"https:\/\/archive.sana.sy\/tr\/index.php?rest_route=\/wp\/v2\/users\/1"}],"replies":[{"embeddable":true,"href":"https:\/\/archive.sana.sy\/tr\/index.php?rest_route=%2Fwp%2Fv2%2Fcomments&post=26971"}],"version-history":[{"count":0,"href":"https:\/\/archive.sana.sy\/tr\/index.php?rest_route=\/wp\/v2\/posts\/26971\/revisions"}],"wp:featuredmedia":[{"embeddable":true,"href":"https:\/\/archive.sana.sy\/tr\/index.php?rest_route=\/wp\/v2\/media\/26972"}],"wp:attachment":[{"href":"https:\/\/archive.sana.sy\/tr\/index.php?rest_route=%2Fwp%2Fv2%2Fmedia&parent=26971"}],"wp:term":[{"taxonomy":"category","embeddable":true,"href":"https:\/\/archive.sana.sy\/tr\/index.php?rest_route=%2Fwp%2Fv2%2Fcategories&post=26971"},{"taxonomy":"post_tag","embeddable":true,"href":"https:\/\/archive.sana.sy\/tr\/index.php?rest_route=%2Fwp%2Fv2%2Ftags&post=26971"}],"curies":[{"name":"wp","href":"https:\/\/api.w.org\/{rel}","templated":true}]}}