{"id":269715,"date":"2022-12-21T23:23:40","date_gmt":"2022-12-21T21:23:40","guid":{"rendered":"http:\/\/107.6.182.27\/tr\/?p=269715"},"modified":"2022-12-29T10:06:14","modified_gmt":"2022-12-29T08:06:14","slug":"pakistan-cumhurbaskani-suriye-ile-ikili-iliskileri-guclendirmek-icin-iyi-beklentiler-var","status":"publish","type":"post","link":"https:\/\/archive.sana.sy\/tr\/?p=269715","title":{"rendered":"Pakistan Cumhurba\u015fkan\u0131: Suriye \u0130le \u0130kili \u0130li\u015fkileri G\u00fc\u00e7lendirmek \u0130\u00e7in \u0130yi Beklentiler Var"},"content":{"rendered":"<p>\u0130SLAMABAD \u2013 Pakistan Cumhurba\u015fkan\u0131 Arif Alvi, Suriye ile \u00e7e\u015fitli alanlarda ikili ili\u015fkilerin g\u00fc\u00e7lendirilmesi i\u00e7in iyi umutlar oldu\u011funu vurgulad\u0131.<\/p>\n<p>Bu, Ba\u015fkan Alvi&#8217;nin Ramiz El Rai&#8217;nin Suriye&#8217;nin Pakistan&#8217;daki ola\u011fan\u00fcst\u00fc ve tam yetkili b\u00fcy\u00fckel\u00e7isi olarak itimatnamelerini kabul etmesi s\u0131ras\u0131nda geldi.<\/p>\n<p>Pakistan Cumhurba\u015fkan\u0131, Suriye genelinde g\u00fcvenlik, bar\u0131\u015f ve istikrar\u0131n hakim olmas\u0131n\u0131 umdu\u011funu ifade ederek Cumhurba\u015fkan\u0131 Be\u015far Esad&#8217;a en iyi dileklerini iletti.<\/p>\n<p>Cumhurba\u015fkan\u0131 Alvi, &#8220;Suriye&#8217;nin Pakistan&#8217;a tam yetkili bir b\u00fcy\u00fckel\u00e7i olarak atanmas\u0131n\u0131n iki dost \u00fclke ve halk aras\u0131ndaki ikili ili\u015fkileri ilerletece\u011fine eminim&#8221; diyerek, ikili ili\u015fkilerin kar\u015f\u0131l\u0131kl\u0131 sayg\u0131ya dayand\u0131\u011f\u0131n\u0131 ve \u00e7e\u015fitli alanlarda bu ili\u015fkilerin geli\u015ftirilmesi i\u00e7in iyi umutlar\u0131n oldu\u011funu vurgulad\u0131.<\/p>\n<p>B\u00fcy\u00fckel\u00e7i El Rai ise Cumhurba\u015fkan\u0131 El Esad&#8217;\u0131n selamlar\u0131n\u0131 Cumhurba\u015fkan\u0131 Alvi&#8217;ye ve dost Pakistan halk\u0131na ileterek, Pakistan Cumhuriyeti&#8217;ne daha fazla g\u00fcvenlik, bar\u0131\u015f, kalk\u0131nma ve refah diledi.<\/p>\n<p><a class=\"x1i10hfl xjbqb8w x6umtig x1b1mbwd xaqea5y xav7gou x9f619 x1ypdohk xt0psk2 xe8uvvx xdj266r x11i5rnm xat24cr x1mh8g0r xexx8yu x4uap5 x18d9i69 xkhd6sd x16tdsg8 x1hl2dhg xggy1nq x1a2a7pz xt0b8zv x1qq9wsj xo1l8bm\" tabindex=\"0\" role=\"link\" href=\"https:\/\/www.facebook.com\/hashtag\/telegram_kanal%C4%B1m%C4%B1z?__eep__=6&amp;__cft__[0]=AZX5ZNErx5Cfcl2sAT_ZdMNBkZ-6CG2aNJqyFqjYSZ-F9_HlRP0vFTga-rT-nxLOdl4GOmmNkto13T_IUPk3brxxQTMMmL0QYJGJs-1GrM-rm4fAddj6j4VWXUKF9aZHeHI&amp;__tn__=*NK-R\">#Telegram_Kanal\u0131m\u0131z<\/a>:\u00a0<a class=\"x1i10hfl xjbqb8w x6umtig x1b1mbwd xaqea5y xav7gou x9f619 x1ypdohk xt0psk2 xe8uvvx xdj266r x11i5rnm xat24cr x1mh8g0r xexx8yu x4uap5 x18d9i69 xkhd6sd x16tdsg8 x1hl2dhg xggy1nq x1a2a7pz xt0b8zv x1fey0fg\" tabindex=\"0\" role=\"link\" href=\"https:\/\/t.me\/SuriyeArapHaberAjans%C4%B1?fbclid=IwAR1ovTFSTujYUT9hydpsnQIP5nLWSVTV-DVfjfVOhmAr36L4yejo0McYH2c\" target=\"_blank\" rel=\"nofollow noopener\">https:\/\/t.me\/SuriyeArapHaberAjans\u0131<\/a><\/p>\n","protected":false},"excerpt":{"rendered":"<p>\u0130SLAMABAD \u2013 Pakistan Cumhurba\u015fkan\u0131 Arif Alvi, Suriye ile \u00e7e\u015fitli alanlarda ikili ili\u015fkilerin g\u00fc\u00e7lendirilmesi i\u00e7in iyi umutlar oldu\u011funu vurgulad\u0131. Bu, Ba\u015fkan Alvi&#8217;nin Ramiz El Rai&#8217;nin Suriye&#8217;nin Pakistan&#8217;daki ola\u011fan\u00fcst\u00fc ve tam yetkili b\u00fcy\u00fckel\u00e7isi olarak itimatnamelerini kabul etmesi s\u0131ras\u0131nda geldi. Pakistan Cumhurba\u015fkan\u0131, Suriye genelinde g\u00fcvenlik, bar\u0131\u015f ve istikrar\u0131n hakim olmas\u0131n\u0131 umdu\u011funu ifade ederek Cumhurba\u015fkan\u0131 Be\u015far Esad&#8217;a en iyi &hellip;<\/p>\n","protected":false},"author":36,"featured_media":269716,"comment_status":"closed","ping_status":"closed","sticky":false,"template":"","format":"standard","meta":{"footnotes":""},"categories":[458,459,17988],"tags":[],"class_list":["post-269715","post","type-post","status-publish","format-standard","has-post-thumbnail","","category-dunya1","category-haberler-arap-uluslararasi-politika","category-son-haberler"],"_links":{"self":[{"href":"https:\/\/archive.sana.sy\/tr\/index.php?rest_route=\/wp\/v2\/posts\/269715","targetHints":{"allow":["GET"]}}],"collection":[{"href":"https:\/\/archive.sana.sy\/tr\/index.php?rest_route=\/wp\/v2\/posts"}],"about":[{"href":"https:\/\/archive.sana.sy\/tr\/index.php?rest_route=\/wp\/v2\/types\/post"}],"author":[{"embeddable":true,"href":"https:\/\/archive.sana.sy\/tr\/index.php?rest_route=\/wp\/v2\/users\/36"}],"replies":[{"embeddable":true,"href":"https:\/\/archive.sana.sy\/tr\/index.php?rest_route=%2Fwp%2Fv2%2Fcomments&post=269715"}],"version-history":[{"count":0,"href":"https:\/\/archive.sana.sy\/tr\/index.php?rest_route=\/wp\/v2\/posts\/269715\/revisions"}],"wp:featuredmedia":[{"embeddable":true,"href":"https:\/\/archive.sana.sy\/tr\/index.php?rest_route=\/wp\/v2\/media\/269716"}],"wp:attachment":[{"href":"https:\/\/archive.sana.sy\/tr\/index.php?rest_route=%2Fwp%2Fv2%2Fmedia&parent=269715"}],"wp:term":[{"taxonomy":"category","embeddable":true,"href":"https:\/\/archive.sana.sy\/tr\/index.php?rest_route=%2Fwp%2Fv2%2Fcategories&post=269715"},{"taxonomy":"post_tag","embeddable":true,"href":"https:\/\/archive.sana.sy\/tr\/index.php?rest_route=%2Fwp%2Fv2%2Ftags&post=269715"}],"curies":[{"name":"wp","href":"https:\/\/api.w.org\/{rel}","templated":true}]}}