{"id":269722,"date":"2022-12-22T10:03:13","date_gmt":"2022-12-22T08:03:13","guid":{"rendered":"http:\/\/107.6.182.27\/tr\/?p=269722"},"modified":"2022-12-29T10:06:25","modified_gmt":"2022-12-29T08:06:25","slug":"cinli-diplomat-turkiye-ve-israilin-suriye-topraklarina-yonelik-tekrarlanan-saldirilari-apacik-bir-ihlaldir","status":"publish","type":"post","link":"https:\/\/archive.sana.sy\/tr\/?p=269722","title":{"rendered":"\u00c7inli Diplomat: T\u00fcrkiye ve \u0130srail&#8217;in Suriye Topraklar\u0131na Y\u00f6nelik Tekrarlanan Sald\u0131r\u0131lar\u0131 Apa\u00e7\u0131k Bir \u0130hlaldir"},"content":{"rendered":"<p>B\u0130RLE\u015eM\u0130\u015e M\u0130LLETLER \u2013 \u00c7in, Suriye&#8217;nin egemenli\u011fine ve toprak b\u00fct\u00fcnl\u00fc\u011f\u00fcne sayg\u0131 g\u00f6sterilmesi ve i\u00e7i\u015flerine m\u00fcdahale edilmemesi talebini yineledi.<\/p>\n<p>\u00c7in&#8217;in Birle\u015fmi\u015f Milletler Daimi Temsilci Yard\u0131mc\u0131s\u0131 Geng Shuang d\u00fcn G\u00fcvenlik Konseyi&#8217;nin Suriye konulu oturumunda: &#8220;Suriye egemen bir \u00fclkedir ve bahanesi ne olursa olsun Suriye h\u00fck\u00fcmetinin r\u0131zas\u0131 olmaks\u0131z\u0131n topraklar\u0131nda herhangi bir askeri operasyon egemenli\u011fine ve toprak b\u00fct\u00fcnl\u00fc\u011f\u00fcne ayk\u0131r\u0131d\u0131r\u201d diyerek, T\u00fcrkiye ve \u0130srail&#8217;in Suriye topraklar\u0131na y\u00f6nelik tekrarlanan sald\u0131r\u0131lar\u0131na at\u0131fta bulundu.<\/p>\n<p>\u00c7inli diplomat, yabanc\u0131 g\u00fc\u00e7lerin Suriye&#8217;deki yasad\u0131\u015f\u0131 varl\u0131\u011f\u0131na son verilmesi ve Suriye&#8217;ye uygulanan yasa d\u0131\u015f\u0131 tek tarafl\u0131 zorlay\u0131c\u0131 yapt\u0131r\u0131mlar\u0131n kald\u0131r\u0131lmas\u0131 \u00e7a\u011fr\u0131s\u0131nda bulundu.<\/p>\n<p><a class=\"x1i10hfl xjbqb8w x6umtig x1b1mbwd xaqea5y xav7gou x9f619 x1ypdohk xt0psk2 xe8uvvx xdj266r x11i5rnm xat24cr x1mh8g0r xexx8yu x4uap5 x18d9i69 xkhd6sd x16tdsg8 x1hl2dhg xggy1nq x1a2a7pz xt0b8zv x1qq9wsj xo1l8bm\" tabindex=\"0\" role=\"link\" href=\"https:\/\/www.facebook.com\/hashtag\/telegram_kanal%C4%B1m%C4%B1z?__eep__=6&amp;__cft__[0]=AZX5ZNErx5Cfcl2sAT_ZdMNBkZ-6CG2aNJqyFqjYSZ-F9_HlRP0vFTga-rT-nxLOdl4GOmmNkto13T_IUPk3brxxQTMMmL0QYJGJs-1GrM-rm4fAddj6j4VWXUKF9aZHeHI&amp;__tn__=*NK-R\">#Telegram_Kanal\u0131m\u0131z<\/a>:\u00a0<a class=\"x1i10hfl xjbqb8w x6umtig x1b1mbwd xaqea5y xav7gou x9f619 x1ypdohk xt0psk2 xe8uvvx xdj266r x11i5rnm xat24cr x1mh8g0r xexx8yu x4uap5 x18d9i69 xkhd6sd x16tdsg8 x1hl2dhg xggy1nq x1a2a7pz xt0b8zv x1fey0fg\" tabindex=\"0\" role=\"link\" href=\"https:\/\/t.me\/SuriyeArapHaberAjans%C4%B1?fbclid=IwAR1ovTFSTujYUT9hydpsnQIP5nLWSVTV-DVfjfVOhmAr36L4yejo0McYH2c\" target=\"_blank\" rel=\"nofollow noopener\">https:\/\/t.me\/SuriyeArapHaberAjans\u0131<\/a><\/p>\n","protected":false},"excerpt":{"rendered":"<p>B\u0130RLE\u015eM\u0130\u015e M\u0130LLETLER \u2013 \u00c7in, Suriye&#8217;nin egemenli\u011fine ve toprak b\u00fct\u00fcnl\u00fc\u011f\u00fcne sayg\u0131 g\u00f6sterilmesi ve i\u00e7i\u015flerine m\u00fcdahale edilmemesi talebini yineledi. \u00c7in&#8217;in Birle\u015fmi\u015f Milletler Daimi Temsilci Yard\u0131mc\u0131s\u0131 Geng Shuang d\u00fcn G\u00fcvenlik Konseyi&#8217;nin Suriye konulu oturumunda: &#8220;Suriye egemen bir \u00fclkedir ve bahanesi ne olursa olsun Suriye h\u00fck\u00fcmetinin r\u0131zas\u0131 olmaks\u0131z\u0131n topraklar\u0131nda herhangi bir askeri operasyon egemenli\u011fine ve toprak b\u00fct\u00fcnl\u00fc\u011f\u00fcne ayk\u0131r\u0131d\u0131r\u201d diyerek, &hellip;<\/p>\n","protected":false},"author":36,"featured_media":269726,"comment_status":"closed","ping_status":"closed","sticky":false,"template":"","format":"standard","meta":{"footnotes":""},"categories":[458,459,17988],"tags":[],"class_list":["post-269722","post","type-post","status-publish","format-standard","has-post-thumbnail","","category-dunya1","category-haberler-arap-uluslararasi-politika","category-son-haberler"],"_links":{"self":[{"href":"https:\/\/archive.sana.sy\/tr\/index.php?rest_route=\/wp\/v2\/posts\/269722","targetHints":{"allow":["GET"]}}],"collection":[{"href":"https:\/\/archive.sana.sy\/tr\/index.php?rest_route=\/wp\/v2\/posts"}],"about":[{"href":"https:\/\/archive.sana.sy\/tr\/index.php?rest_route=\/wp\/v2\/types\/post"}],"author":[{"embeddable":true,"href":"https:\/\/archive.sana.sy\/tr\/index.php?rest_route=\/wp\/v2\/users\/36"}],"replies":[{"embeddable":true,"href":"https:\/\/archive.sana.sy\/tr\/index.php?rest_route=%2Fwp%2Fv2%2Fcomments&post=269722"}],"version-history":[{"count":0,"href":"https:\/\/archive.sana.sy\/tr\/index.php?rest_route=\/wp\/v2\/posts\/269722\/revisions"}],"wp:featuredmedia":[{"embeddable":true,"href":"https:\/\/archive.sana.sy\/tr\/index.php?rest_route=\/wp\/v2\/media\/269726"}],"wp:attachment":[{"href":"https:\/\/archive.sana.sy\/tr\/index.php?rest_route=%2Fwp%2Fv2%2Fmedia&parent=269722"}],"wp:term":[{"taxonomy":"category","embeddable":true,"href":"https:\/\/archive.sana.sy\/tr\/index.php?rest_route=%2Fwp%2Fv2%2Fcategories&post=269722"},{"taxonomy":"post_tag","embeddable":true,"href":"https:\/\/archive.sana.sy\/tr\/index.php?rest_route=%2Fwp%2Fv2%2Ftags&post=269722"}],"curies":[{"name":"wp","href":"https:\/\/api.w.org\/{rel}","templated":true}]}}