{"id":269748,"date":"2022-12-22T17:15:52","date_gmt":"2022-12-22T15:15:52","guid":{"rendered":"http:\/\/107.6.182.27\/tr\/?p=269748"},"modified":"2022-12-29T10:06:36","modified_gmt":"2022-12-29T08:06:36","slug":"al-gabbas-danbala-ile-saglik-alaninda-ortak-isbirligi-yollarini-gorustu","status":"publish","type":"post","link":"https:\/\/archive.sana.sy\/tr\/?p=269748","title":{"rendered":"Al \u011eabba\u015f, Danbala \u0130le Sa\u011fl\u0131k Alan\u0131nda Ortak \u0130\u015fbirli\u011fi Yollar\u0131n\u0131 G\u00f6r\u00fc\u015ft\u00fc"},"content":{"rendered":"<p style=\"text-align: justify;\"><span style=\"color: #800000;\">\u015eAM<\/span> &#8211; Sa\u011fl\u0131k Bakan\u0131 Dr. Hasan Al \u011eabba\u015f, Birle\u015fmi\u015f Milletler Y\u00fcksek Komiserli\u011fi Heyet Ba\u015fkan\u0131 Sivanka Danbala ile sa\u011fl\u0131k alan\u0131nda ortak i\u015fbirli\u011fi yollar\u0131n\u0131 g\u00f6r\u00fc\u015ft\u00fc.<\/p>\n<p style=\"text-align: justify;\">\u0130ki taraf, Komisyon i\u00e7in 2023-2025 y\u0131llar\u0131 aras\u0131nda \u00e7ok y\u0131ll\u0131 bir strateji sunman\u0131n yan\u0131 s\u0131ra, toplumdaki savunmas\u0131z ve savunmas\u0131z gruplar\u0131 sa\u011fl\u0131k a\u00e7\u0131s\u0131ndan, \u00f6zellikle yerinden edilmi\u015f ki\u015filer i\u00e7in destekleme mekanizmas\u0131n\u0131 ele ald\u0131.<\/p>\n<p style=\"text-align: justify;\">Bakan Al \u011eabba\u015f, Suriye&#8217;nin t\u00fcm vatanda\u015flara sa\u011fl\u0131k hizmeti sa\u011flamada e\u015fitlik \u00fczerinde \u00e7al\u0131\u015ft\u0131\u011f\u0131n\u0131 a\u00e7\u0131klayarak, Bakanl\u0131\u011f\u0131n, yerinden edilenlerin anavatanlar\u0131na d\u00f6n\u00fc\u015fleri s\u0131ras\u0131nda s\u0131n\u0131r kap\u0131lar\u0131nda bulunan t\u0131bbi noktalar arac\u0131l\u0131\u011f\u0131yla bir\u00e7ok sa\u011fl\u0131k hizmeti verdi\u011fine dikkat \u00e7ekti.<\/p>\n<p style=\"text-align: justify;\">Kendi y\u00f6n\u00fcnden heyet ba\u015fkan\u0131 ise sa\u011fl\u0131k hizmetlerinin sunumu ve acil durumlara m\u00fcdahalenin sa\u011flanmas\u0131 i\u00e7in i\u015fbirli\u011fi ve e\u015fg\u00fcd\u00fcm\u00fcn s\u00fcreklili\u011fini belirterek, bakanl\u0131k taraf\u0131ndan sa\u011flanan sa\u011fl\u0131k hizmetlerine dikkat \u00e7ekti.<\/p>\n","protected":false},"excerpt":{"rendered":"<p>\u015eAM &#8211; Sa\u011fl\u0131k Bakan\u0131 Dr. Hasan Al \u011eabba\u015f, Birle\u015fmi\u015f Milletler Y\u00fcksek Komiserli\u011fi Heyet Ba\u015fkan\u0131 Sivanka Danbala ile sa\u011fl\u0131k alan\u0131nda ortak i\u015fbirli\u011fi yollar\u0131n\u0131 g\u00f6r\u00fc\u015ft\u00fc. \u0130ki taraf, Komisyon i\u00e7in 2023-2025 y\u0131llar\u0131 aras\u0131nda \u00e7ok y\u0131ll\u0131 bir strateji sunman\u0131n yan\u0131 s\u0131ra, toplumdaki savunmas\u0131z ve savunmas\u0131z gruplar\u0131 sa\u011fl\u0131k a\u00e7\u0131s\u0131ndan, \u00f6zellikle yerinden edilmi\u015f ki\u015filer i\u00e7in destekleme mekanizmas\u0131n\u0131 ele ald\u0131. Bakan Al &hellip;<\/p>\n","protected":false},"author":1,"featured_media":269749,"comment_status":"closed","ping_status":"closed","sticky":false,"template":"","format":"standard","meta":{"footnotes":""},"categories":[479,17988,478],"tags":[],"class_list":["post-269748","post","type-post","status-publish","format-standard","has-post-thumbnail","","category-haberler-yerel","category-son-haberler","category-yerel"],"_links":{"self":[{"href":"https:\/\/archive.sana.sy\/tr\/index.php?rest_route=\/wp\/v2\/posts\/269748","targetHints":{"allow":["GET"]}}],"collection":[{"href":"https:\/\/archive.sana.sy\/tr\/index.php?rest_route=\/wp\/v2\/posts"}],"about":[{"href":"https:\/\/archive.sana.sy\/tr\/index.php?rest_route=\/wp\/v2\/types\/post"}],"author":[{"embeddable":true,"href":"https:\/\/archive.sana.sy\/tr\/index.php?rest_route=\/wp\/v2\/users\/1"}],"replies":[{"embeddable":true,"href":"https:\/\/archive.sana.sy\/tr\/index.php?rest_route=%2Fwp%2Fv2%2Fcomments&post=269748"}],"version-history":[{"count":0,"href":"https:\/\/archive.sana.sy\/tr\/index.php?rest_route=\/wp\/v2\/posts\/269748\/revisions"}],"wp:featuredmedia":[{"embeddable":true,"href":"https:\/\/archive.sana.sy\/tr\/index.php?rest_route=\/wp\/v2\/media\/269749"}],"wp:attachment":[{"href":"https:\/\/archive.sana.sy\/tr\/index.php?rest_route=%2Fwp%2Fv2%2Fmedia&parent=269748"}],"wp:term":[{"taxonomy":"category","embeddable":true,"href":"https:\/\/archive.sana.sy\/tr\/index.php?rest_route=%2Fwp%2Fv2%2Fcategories&post=269748"},{"taxonomy":"post_tag","embeddable":true,"href":"https:\/\/archive.sana.sy\/tr\/index.php?rest_route=%2Fwp%2Fv2%2Ftags&post=269748"}],"curies":[{"name":"wp","href":"https:\/\/api.w.org\/{rel}","templated":true}]}}