{"id":269754,"date":"2022-12-22T17:23:42","date_gmt":"2022-12-22T15:23:42","guid":{"rendered":"http:\/\/107.6.182.27\/tr\/?p=269754"},"modified":"2022-12-29T10:06:55","modified_gmt":"2022-12-29T08:06:55","slug":"mikdad-sergey-alllinki-belarus-disisleri-bakani-olarak-atanmasindan-dolayi-tebrik-etti","status":"publish","type":"post","link":"https:\/\/archive.sana.sy\/tr\/?p=269754","title":{"rendered":"Mikdad, Sergey Alllink&#8217;i Belarus D\u0131\u015fi\u015fleri Bakan\u0131 Olarak Atanmas\u0131ndan Dolay\u0131 Tebrik Etti"},"content":{"rendered":"<p style=\"text-align: justify;\"><span style=\"color: #800000;\">\u015eAM<\/span> &#8211; D\u0131\u015fi\u015fleri ve Gurbet\u00e7iler Bakan\u0131 Dr. Faysal Mikdad, Belarus Cumhuriyeti D\u0131\u015fi\u015fleri Bakan\u0131 Sergey Allink&#8217;i telefonla arayarak, tarihinde, kariyerinde ve daha fazla i\u015f ve ilerleme elde etme becerisinde Beyaz Rusya&#8217;n\u0131n liderli\u011fi ve halk\u0131ndan dolay\u0131 kendisine duyulan g\u00fcveni yans\u0131tan D\u0131\u015fi\u015fleri Bakan\u0131 olarak atanmas\u0131ndan dolay\u0131 tebrik etti.<\/p>\n<p style=\"text-align: justify;\">\u0130ki taraf, Belarus Ba\u015fbakan\u0131&#8217;n\u0131n son \u015eam ziyaretinin sonu\u00e7lar\u0131n\u0131 ve bu ziyaret s\u0131ras\u0131nda ger\u00e7ekle\u015fen \u00f6nemli anla\u015fmalar\u0131 ve g\u00f6r\u00fc\u015fmeleri g\u00f6zden ge\u00e7irdi.<\/p>\n<p style=\"text-align: justify;\">Bakan Mikdad, bu ziyaretin ikili ili\u015fkilerin iki \u00fclke halklar\u0131na olumlu yans\u0131yacak ve onlar\u0131n \u00f6zlemleri do\u011frultusunda daha fazla ilerlemeye y\u00f6nelik olarak ba\u015flat\u0131lmas\u0131 i\u00e7in k\u0131lavuz ilkeler belirledi\u011fini ifade ederken, iki taraf, Bat\u0131&#8217;n\u0131n d\u00fcnyan\u0131n ge\u00e7mi\u015fi ve gelece\u011fi \u00fczerindeki s\u00f6m\u00fcrgeci egemenli\u011fine son vermek i\u00e7in iki taraf\u0131n \u00e7ok kutuplu bir d\u00fcnyan\u0131n kurulmas\u0131na desteklerini belirtti.<\/p>\n<p style=\"text-align: justify;\">Bakan Mikdad, Suriye&#8217;nin Bat\u0131 hegemonya giri\u015fimleri ve i\u00e7i\u015flerine m\u00fcdahalesi kar\u015f\u0131s\u0131nda Belarus&#8217;u destekledi\u011fini yineleyerek, iki \u00fclkenin kar\u015f\u0131la\u015ft\u0131\u011f\u0131 benzer zorluklara dikkat \u00e7ekti,<\/p>\n<p style=\"text-align: justify;\">ter\u00f6rist sava\u015f\u0131n yans\u0131malar\u0131 ve kendisine dayat\u0131lan tek tarafl\u0131 zorlay\u0131c\u0131 \u00f6nlemlerle y\u00fczle\u015fmek i\u00e7in Belarus&#8217;un \u00fcstlendi\u011fi yard\u0131m ve giri\u015fimlerden dolay\u0131 Suriye&#8217;nin \u015f\u00fckran ve takdirini ifade etti.<\/p>\n<p style=\"text-align: justify;\">Buna kar\u015f\u0131l\u0131k Bakan Allink, Bakan Mikdad&#8217;a kendisini tebrik etti\u011fi i\u00e7in te\u015fekk\u00fcr ederek, iki \u00fclke aras\u0131ndaki ili\u015fkilerin siyasi, ekonomik ve k\u00fclt\u00fcrel alanlarda ileri d\u00fczeyde olmas\u0131ndan duydu\u011fu memnuniyeti dile getirdi.<\/p>\n<p style=\"text-align: justify;\">Belarus ba\u015fbakan\u0131n\u0131n \u015eam&#8217;a yapt\u0131\u011f\u0131 son ziyarette kararla\u015ft\u0131r\u0131lanlar\u0131n uygulanmas\u0131n\u0131 takip etmek i\u00e7in iki \u00fclkenin d\u0131\u015fi\u015fleri bakanl\u0131klar\u0131n\u0131n bir sonraki a\u015famada \u00f6nemli rol\u00fcne at\u0131fta bulunarak, Belarus bakan\u0131, \u00fclkesinin ter\u00f6r sava\u015f\u0131, tek tarafl\u0131 zorlay\u0131c\u0131 yapt\u0131r\u0131mlar ve i\u00e7 i\u015flerine Bat\u0131 m\u00fcdahalesi giri\u015fimleri kar\u015f\u0131s\u0131nda Suriye&#8217;nin egemenli\u011fini, ba\u011f\u0131ms\u0131zl\u0131\u011f\u0131n\u0131 ve toprak b\u00fct\u00fcnl\u00fc\u011f\u00fcn\u00fc destekleyen konumunu ifade etti.<\/p>\n<p style=\"text-align: justify;\">Allink, Bat\u0131 hegemonyas\u0131n\u0131n giri\u015fimlerine kar\u015f\u0131 \u00e7e\u015fitli uluslararas\u0131 ve uluslararas\u0131 forumlarda iki \u00fclke aras\u0131ndaki mevcut koordinasyonun \u00f6nemini vurgulad\u0131.<\/p>\n<p style=\"text-align: justify;\">\u0130ki bakan, yeni y\u0131l\u0131n geli\u015fini tebrik ederek, iki \u00fclkenin her iki halk\u0131na ilerleme, refah ve zorluklar\u0131n a\u015f\u0131lmas\u0131n\u0131 diledi.<\/p>\n","protected":false},"excerpt":{"rendered":"<p>\u015eAM &#8211; D\u0131\u015fi\u015fleri ve Gurbet\u00e7iler Bakan\u0131 Dr. Faysal Mikdad, Belarus Cumhuriyeti D\u0131\u015fi\u015fleri Bakan\u0131 Sergey Allink&#8217;i telefonla arayarak, tarihinde, kariyerinde ve daha fazla i\u015f ve ilerleme elde etme becerisinde Beyaz Rusya&#8217;n\u0131n liderli\u011fi ve halk\u0131ndan dolay\u0131 kendisine duyulan g\u00fcveni yans\u0131tan D\u0131\u015fi\u015fleri Bakan\u0131 olarak atanmas\u0131ndan dolay\u0131 tebrik etti. \u0130ki taraf, Belarus Ba\u015fbakan\u0131&#8217;n\u0131n son \u015eam ziyaretinin sonu\u00e7lar\u0131n\u0131 ve bu &hellip;<\/p>\n","protected":false},"author":1,"featured_media":269755,"comment_status":"closed","ping_status":"closed","sticky":false,"template":"","format":"standard","meta":{"footnotes":""},"categories":[458,459,17988],"tags":[],"class_list":["post-269754","post","type-post","status-publish","format-standard","has-post-thumbnail","","category-dunya1","category-haberler-arap-uluslararasi-politika","category-son-haberler"],"_links":{"self":[{"href":"https:\/\/archive.sana.sy\/tr\/index.php?rest_route=\/wp\/v2\/posts\/269754","targetHints":{"allow":["GET"]}}],"collection":[{"href":"https:\/\/archive.sana.sy\/tr\/index.php?rest_route=\/wp\/v2\/posts"}],"about":[{"href":"https:\/\/archive.sana.sy\/tr\/index.php?rest_route=\/wp\/v2\/types\/post"}],"author":[{"embeddable":true,"href":"https:\/\/archive.sana.sy\/tr\/index.php?rest_route=\/wp\/v2\/users\/1"}],"replies":[{"embeddable":true,"href":"https:\/\/archive.sana.sy\/tr\/index.php?rest_route=%2Fwp%2Fv2%2Fcomments&post=269754"}],"version-history":[{"count":0,"href":"https:\/\/archive.sana.sy\/tr\/index.php?rest_route=\/wp\/v2\/posts\/269754\/revisions"}],"wp:featuredmedia":[{"embeddable":true,"href":"https:\/\/archive.sana.sy\/tr\/index.php?rest_route=\/wp\/v2\/media\/269755"}],"wp:attachment":[{"href":"https:\/\/archive.sana.sy\/tr\/index.php?rest_route=%2Fwp%2Fv2%2Fmedia&parent=269754"}],"wp:term":[{"taxonomy":"category","embeddable":true,"href":"https:\/\/archive.sana.sy\/tr\/index.php?rest_route=%2Fwp%2Fv2%2Fcategories&post=269754"},{"taxonomy":"post_tag","embeddable":true,"href":"https:\/\/archive.sana.sy\/tr\/index.php?rest_route=%2Fwp%2Fv2%2Ftags&post=269754"}],"curies":[{"name":"wp","href":"https:\/\/api.w.org\/{rel}","templated":true}]}}