{"id":269762,"date":"2022-12-22T19:24:02","date_gmt":"2022-12-22T17:24:02","guid":{"rendered":"http:\/\/107.6.182.27\/tr\/?p=269762"},"modified":"2022-12-29T10:07:27","modified_gmt":"2022-12-29T08:07:27","slug":"ic-ticaret-ile-suriye-iran-halklarinin-dostluk-dernegi-arasinda-temel-malzemeleri-saglamak-icin-bir-mutabakat-zapti","status":"publish","type":"post","link":"https:\/\/archive.sana.sy\/tr\/?p=269762","title":{"rendered":"\u0130\u00e7 Ticaret \u0130le Suriye-\u0130ran Halklar\u0131n\u0131n Dostluk Derne\u011fi Aras\u0131nda Temel Malzemeleri Sa\u011flamak \u0130\u00e7in Bir Mutabakat Zapt\u0131"},"content":{"rendered":"<p style=\"text-align: justify;\"><span style=\"color: #800000;\">\u015eAM<\/span> &#8211; \u0130\u00e7 Ticaret ve T\u00fcketiciyi Koruma Bakanl\u0131\u011f\u0131 ile Suriye-\u0130ran Halk Dostluk Derne\u011fi, iki taraf aras\u0131nda \u00f6zel takas anla\u015fmalar\u0131n\u0131n etkinle\u015ftirilmesi ve Suriye&#8217;nin ihtiyac\u0131 olan t\u00fcm temel malzemelerin sa\u011flanmas\u0131na ili\u015fkin bir mutabakat zapt\u0131 imzalad\u0131.<\/p>\n<p style=\"text-align: justify;\">Mutabakata g\u00f6re, iki taraf, Suriye Ticaret Kurumu ile \u0130ran taraf\u0131 aras\u0131nda, Suriye Ticaretinde sat\u0131\u015f yerleri, \u00fcretim tesisleri, tasnif ve paketleme hatlar\u0131 ve so\u011futma \u00fcniteleri geli\u015ftirmeyi ama\u00e7layan ortak bir Suriye-\u0130ran \u015firketi olu\u015fturmak i\u00e7in \u00e7al\u0131\u015f\u0131yor.<\/p>\n<p style=\"text-align: justify;\">S\u00f6z konusu mutabakat zapt\u0131, \u0130\u00e7 Ticaret ve T\u00fcketiciyi Koruma Bakan\u0131 Dr. Amro Salim&#8217;in Suriye-\u0130ran Halklar\u0131 Dostluk Derne\u011fi ba\u015fkan\u0131 Ayetullah Hasan Ahteri ve beraberindeki heyet ile ikili ili\u015fkileri g\u00fc\u00e7lendirmenin yollar\u0131n\u0131, \u00e7e\u015fitli ekonomik ve ticari alanlar\u0131 geli\u015ftirmek ve bunlar\u0131 iki dost halk\u0131n ortak \u00e7\u0131karlar\u0131n\u0131 sa\u011flayacak \u015fekilde geli\u015ftirmek i\u00e7in ele ald\u0131\u011f\u0131 bir toplant\u0131 s\u0131ras\u0131nda ger\u00e7ekle\u015fti.<\/p>\n<p style=\"text-align: justify;\">Bakan Salim, Suriye-\u0130ran ili\u015fkilerinin derinli\u011fine ve iki dost halk\u0131n \u00e7\u0131karlar\u0131na hizmet edecek geni\u015f ufuklar a\u00e7man\u0131n \u00f6nemine dikkat \u00e7ekerek, kendilerine dayat\u0131lan haks\u0131z ku\u015fatman\u0131n en k\u00f6t\u00fc bi\u00e7imlerine maruz kalan iki \u00fclke liderleri aras\u0131ndaki ili\u015fkilerin y\u00fckselmesi i\u00e7in ikili ili\u015fkilerin farkl\u0131 d\u00fczeylerde g\u00fc\u00e7lendirilmesi gerekti\u011fini vurgulad\u0131.<\/p>\n<p style=\"text-align: justify;\">Kendi y\u00f6n\u00fcnden Ahteri ise genel olarak \u00e7e\u015fitli alanlarda ikili i\u015fbirli\u011fini g\u00fc\u00e7lendirmenin ve ba\u015fta g\u0131da olmak \u00fczere Suriye vatanda\u015flar\u0131 i\u00e7in temel malzemelerin temin edilmesinin \u00f6nemini vurgulad\u0131.<\/p>\n<p style=\"text-align: justify;\">Toplant\u0131ya, T\u00fcketicinin Korunmas\u0131ndan Sorumlu \u0130\u00e7 Ticaret Bakan Yard\u0131mc\u0131s\u0131 Samir Susi, Suriye Ticaret Genel M\u00fcd\u00fcr\u00fc Ziyad Hazaa ve bakanl\u0131\u011f\u0131n baz\u0131 merkez m\u00fcd\u00fcrleri kat\u0131ld\u0131.<\/p>\n","protected":false},"excerpt":{"rendered":"<p>\u015eAM &#8211; \u0130\u00e7 Ticaret ve T\u00fcketiciyi Koruma Bakanl\u0131\u011f\u0131 ile Suriye-\u0130ran Halk Dostluk Derne\u011fi, iki taraf aras\u0131nda \u00f6zel takas anla\u015fmalar\u0131n\u0131n etkinle\u015ftirilmesi ve Suriye&#8217;nin ihtiyac\u0131 olan t\u00fcm temel malzemelerin sa\u011flanmas\u0131na ili\u015fkin bir mutabakat zapt\u0131 imzalad\u0131. Mutabakata g\u00f6re, iki taraf, Suriye Ticaret Kurumu ile \u0130ran taraf\u0131 aras\u0131nda, Suriye Ticaretinde sat\u0131\u015f yerleri, \u00fcretim tesisleri, tasnif ve paketleme hatlar\u0131 ve &hellip;<\/p>\n","protected":false},"author":1,"featured_media":269766,"comment_status":"closed","ping_status":"closed","sticky":false,"template":"","format":"standard","meta":{"footnotes":""},"categories":[485,486,17988],"tags":[],"class_list":["post-269762","post","type-post","status-publish","format-standard","has-post-thumbnail","","category-is-ve-sermaye","category-haberler-is-ve-sermaye","category-son-haberler"],"_links":{"self":[{"href":"https:\/\/archive.sana.sy\/tr\/index.php?rest_route=\/wp\/v2\/posts\/269762","targetHints":{"allow":["GET"]}}],"collection":[{"href":"https:\/\/archive.sana.sy\/tr\/index.php?rest_route=\/wp\/v2\/posts"}],"about":[{"href":"https:\/\/archive.sana.sy\/tr\/index.php?rest_route=\/wp\/v2\/types\/post"}],"author":[{"embeddable":true,"href":"https:\/\/archive.sana.sy\/tr\/index.php?rest_route=\/wp\/v2\/users\/1"}],"replies":[{"embeddable":true,"href":"https:\/\/archive.sana.sy\/tr\/index.php?rest_route=%2Fwp%2Fv2%2Fcomments&post=269762"}],"version-history":[{"count":0,"href":"https:\/\/archive.sana.sy\/tr\/index.php?rest_route=\/wp\/v2\/posts\/269762\/revisions"}],"wp:featuredmedia":[{"embeddable":true,"href":"https:\/\/archive.sana.sy\/tr\/index.php?rest_route=\/wp\/v2\/media\/269766"}],"wp:attachment":[{"href":"https:\/\/archive.sana.sy\/tr\/index.php?rest_route=%2Fwp%2Fv2%2Fmedia&parent=269762"}],"wp:term":[{"taxonomy":"category","embeddable":true,"href":"https:\/\/archive.sana.sy\/tr\/index.php?rest_route=%2Fwp%2Fv2%2Fcategories&post=269762"},{"taxonomy":"post_tag","embeddable":true,"href":"https:\/\/archive.sana.sy\/tr\/index.php?rest_route=%2Fwp%2Fv2%2Ftags&post=269762"}],"curies":[{"name":"wp","href":"https:\/\/api.w.org\/{rel}","templated":true}]}}