{"id":269763,"date":"2022-12-22T19:21:10","date_gmt":"2022-12-22T17:21:10","guid":{"rendered":"http:\/\/107.6.182.27\/tr\/?p=269763"},"modified":"2022-12-29T10:07:17","modified_gmt":"2022-12-29T08:07:17","slug":"basbakan-arnus-ahteri-ile-suriye-iran-iliskilerini-cesitli-alanlarda-guclendirmenin-yollarini-gorustu","status":"publish","type":"post","link":"https:\/\/archive.sana.sy\/tr\/?p=269763","title":{"rendered":"Ba\u015fbakan Arnus, Ahteri \u0130le Suriye-\u0130ran \u0130li\u015fkilerini \u00c7e\u015fitli Alanlarda G\u00fc\u00e7lendirmenin Yollar\u0131n\u0131 G\u00f6r\u00fc\u015ft\u00fc"},"content":{"rendered":"<p style=\"text-align: justify;\"><span style=\"color: #800000;\">\u015eAM<\/span> &#8211; Ba\u015fbakan M\u00fchendis H\u00fcseyin Arnus bug\u00fcn, Suriye-\u0130ran Halk Dostluk Derne\u011fi ba\u015fkan\u0131 Hasan Ahteri ve beraberindeki heyet ile \u00e7e\u015fitli ekonomik, ticari, k\u00fclt\u00fcrel ve toplumsal alanlarda ikili ili\u015fkileri iki dost \u00fclke ve halk\u0131n ortak \u00e7\u0131karlar\u0131n\u0131 sa\u011flayacak \u015fekilde g\u00fc\u00e7lendirmenin ve geli\u015ftirmenin yollar\u0131n\u0131 g\u00f6r\u00fc\u015ft\u00fc.<\/p>\n<p style=\"text-align: justify;\">\u0130ki taraf, iki \u00fclke ekonomilerinin mevcut zorluklarla ve iki \u00fclke halklar\u0131na uygulanan tek tarafl\u0131 yapt\u0131r\u0131mlarla y\u00fczle\u015fmesini sa\u011flamak i\u00e7in Suriye-\u0130ran ili\u015fkilerinin derinli\u011fini ve kendilerine daha geni\u015f ufuklar a\u00e7man\u0131n \u00f6nemi, ayr\u0131ca \u00f6zellikle sanayi, petrol t\u00fcrevleri, konut, in\u015faat ve teknoloji alanlar\u0131nda ekonomik i\u015fbirli\u011finin g\u00fc\u00e7lendirilmesi zorunlulu\u011funu ele ald\u0131.<\/p>\n<p style=\"text-align: justify;\">Ba\u015fbakan, \u0130ranl\u0131 \u015firketlerin Suriye&#8217;ye yat\u0131r\u0131m yapmak ve \u00e7ok say\u0131da hayati sekt\u00f6rde ortak projeler olu\u015fturmak ve b\u00f6ylece Suriye halk\u0131n\u0131n maruz kald\u0131\u011f\u0131 haks\u0131z ku\u015fatma \u0131\u015f\u0131\u011f\u0131nda \u00fclke ekonomisinin g\u00fc\u00e7lendirilmesine katk\u0131da bulunma iste\u011fini memnuniyetle kar\u015f\u0131lad\u0131.<\/p>\n<p style=\"text-align: justify;\">Kendi y\u00f6n\u00fcnden Ahteri, Suriye halk\u0131n\u0131n maruz kald\u0131\u011f\u0131 zalim abluka g\u00f6lgesinde ulusal ekonomiyi peki\u015ftirecek \u015fekilde, iki halk\u0131 ve iki dost \u00fclkeyi birbirine ba\u011flayan stratejik ili\u015fkileri yans\u0131tarak \u00e7e\u015fitli alanlarda ikili i\u015fbirli\u011fini geli\u015ftirmek i\u00e7in \u00e7al\u0131\u015fman\u0131n \u00f6nemini vurgulad\u0131.<\/p>\n<p style=\"text-align: justify;\">Toplant\u0131ya, Bakanlar Kurulu Ba\u015fkanl\u0131\u011f\u0131 Genel Sekreteri Dr. Kays Muhammad H\u0131d\u0131r ile Planlama ve Uluslararas\u0131 \u0130\u015fbirli\u011fi Kurumu Ba\u015fkan\u0131 Dr. Fadi Al Halil kat\u0131ld\u0131.<\/p>\n","protected":false},"excerpt":{"rendered":"<p>\u015eAM &#8211; Ba\u015fbakan M\u00fchendis H\u00fcseyin Arnus bug\u00fcn, Suriye-\u0130ran Halk Dostluk Derne\u011fi ba\u015fkan\u0131 Hasan Ahteri ve beraberindeki heyet ile \u00e7e\u015fitli ekonomik, ticari, k\u00fclt\u00fcrel ve toplumsal alanlarda ikili ili\u015fkileri iki dost \u00fclke ve halk\u0131n ortak \u00e7\u0131karlar\u0131n\u0131 sa\u011flayacak \u015fekilde g\u00fc\u00e7lendirmenin ve geli\u015ftirmenin yollar\u0131n\u0131 g\u00f6r\u00fc\u015ft\u00fc. \u0130ki taraf, iki \u00fclke ekonomilerinin mevcut zorluklarla ve iki \u00fclke halklar\u0131na uygulanan tek tarafl\u0131 &hellip;<\/p>\n","protected":false},"author":1,"featured_media":269764,"comment_status":"closed","ping_status":"closed","sticky":false,"template":"","format":"standard","meta":{"footnotes":""},"categories":[479,17988,478],"tags":[],"class_list":["post-269763","post","type-post","status-publish","format-standard","has-post-thumbnail","","category-haberler-yerel","category-son-haberler","category-yerel"],"_links":{"self":[{"href":"https:\/\/archive.sana.sy\/tr\/index.php?rest_route=\/wp\/v2\/posts\/269763","targetHints":{"allow":["GET"]}}],"collection":[{"href":"https:\/\/archive.sana.sy\/tr\/index.php?rest_route=\/wp\/v2\/posts"}],"about":[{"href":"https:\/\/archive.sana.sy\/tr\/index.php?rest_route=\/wp\/v2\/types\/post"}],"author":[{"embeddable":true,"href":"https:\/\/archive.sana.sy\/tr\/index.php?rest_route=\/wp\/v2\/users\/1"}],"replies":[{"embeddable":true,"href":"https:\/\/archive.sana.sy\/tr\/index.php?rest_route=%2Fwp%2Fv2%2Fcomments&post=269763"}],"version-history":[{"count":0,"href":"https:\/\/archive.sana.sy\/tr\/index.php?rest_route=\/wp\/v2\/posts\/269763\/revisions"}],"wp:featuredmedia":[{"embeddable":true,"href":"https:\/\/archive.sana.sy\/tr\/index.php?rest_route=\/wp\/v2\/media\/269764"}],"wp:attachment":[{"href":"https:\/\/archive.sana.sy\/tr\/index.php?rest_route=%2Fwp%2Fv2%2Fmedia&parent=269763"}],"wp:term":[{"taxonomy":"category","embeddable":true,"href":"https:\/\/archive.sana.sy\/tr\/index.php?rest_route=%2Fwp%2Fv2%2Fcategories&post=269763"},{"taxonomy":"post_tag","embeddable":true,"href":"https:\/\/archive.sana.sy\/tr\/index.php?rest_route=%2Fwp%2Fv2%2Ftags&post=269763"}],"curies":[{"name":"wp","href":"https:\/\/api.w.org\/{rel}","templated":true}]}}