{"id":27002,"date":"2015-03-19T20:32:28","date_gmt":"2015-03-19T18:32:28","guid":{"rendered":"http:\/\/www.sana.sy\/tr\/?p=27002"},"modified":"2015-03-19T17:33:40","modified_gmt":"2015-03-19T15:33:40","slug":"suriye-hukumeti-ile-isbirligini-reddetmesi-kesinlikle-yapici-degildir","status":"publish","type":"post","link":"https:\/\/archive.sana.sy\/tr\/?p=27002","title":{"rendered":"Suriye H\u00fck\u00fcmeti ile \u0130\u015fbirli\u011fini Reddetmesi kesinlikle Yap\u0131c\u0131 De\u011fildir"},"content":{"rendered":"<p>MOSKOVA \u2013 Rusya D\u0131\u015fi\u015fleri Bakan\u0131 Sergey Lavrov ABD komutas\u0131ndaki uluslar aras\u0131 koalisyonun I\u015e\u0130D\u2019e kar\u015f\u0131 m\u00fccadelede Suriye h\u00fck\u00fcmeti ile i\u015fbirli\u011fi ve koordinasyonda bulunmay\u0131 reddetmesinin kesinlikle yap\u0131c\u0131 olmad\u0131\u011f\u0131n\u0131 belirtti.<\/p>\n<p>Irakl\u0131 mevkida\u015f\u0131 \u0130brahim el Caferi ile bug\u00fcn Moskova&#8217;da d\u00fczenledi\u011fi ortak bas\u0131n toplant\u0131s\u0131nda Lavrov; Rusya&#8217;n\u0131n Irak\u2019\u0131n toprak ve halk b\u00fct\u00fcnl\u00fc\u011f\u00fcn\u00fcn korunmas\u0131na, i\u00e7i\u015flerine herhangi bir d\u0131\u015f m\u00fcdahalenin olmamas\u0131na \u00f6zen g\u00f6sterdi\u011fini s\u00f6yledi.<\/p>\n<p>A.A.<\/p>\n","protected":false},"excerpt":{"rendered":"<p>MOSKOVA \u2013 Rusya D\u0131\u015fi\u015fleri Bakan\u0131 Sergey Lavrov ABD komutas\u0131ndaki uluslar aras\u0131 koalisyonun I\u015e\u0130D\u2019e kar\u015f\u0131 m\u00fccadelede Suriye h\u00fck\u00fcmeti ile i\u015fbirli\u011fi ve koordinasyonda bulunmay\u0131 reddetmesinin kesinlikle yap\u0131c\u0131 olmad\u0131\u011f\u0131n\u0131 belirtti. Irakl\u0131 mevkida\u015f\u0131 \u0130brahim el Caferi ile bug\u00fcn Moskova&#8217;da d\u00fczenledi\u011fi ortak bas\u0131n toplant\u0131s\u0131nda Lavrov; Rusya&#8217;n\u0131n Irak\u2019\u0131n toprak ve halk b\u00fct\u00fcnl\u00fc\u011f\u00fcn\u00fcn korunmas\u0131na, i\u00e7i\u015flerine herhangi bir d\u0131\u015f m\u00fcdahalenin olmamas\u0131na \u00f6zen g\u00f6sterdi\u011fini &hellip;<\/p>\n","protected":false},"author":1,"featured_media":27003,"comment_status":"closed","ping_status":"closed","sticky":false,"template":"","format":"standard","meta":{"footnotes":""},"categories":[458,459,447],"tags":[12732],"class_list":["post-27002","post","type-post","status-publish","format-standard","has-post-thumbnail","","category-dunya1","category-haberler-arap-uluslararasi-politika","category-politika","tag-moskova-rusya-disisleri-bakani-sergey-lavrov-abd-komutasindaki-uluslar-arasi-koalisyonun-iside-karsi-mucadelede-suriye-hukumeti-ile-isbirligi-ve-koordinasyonda-bulunmayi-reddetmesin"],"_links":{"self":[{"href":"https:\/\/archive.sana.sy\/tr\/index.php?rest_route=\/wp\/v2\/posts\/27002","targetHints":{"allow":["GET"]}}],"collection":[{"href":"https:\/\/archive.sana.sy\/tr\/index.php?rest_route=\/wp\/v2\/posts"}],"about":[{"href":"https:\/\/archive.sana.sy\/tr\/index.php?rest_route=\/wp\/v2\/types\/post"}],"author":[{"embeddable":true,"href":"https:\/\/archive.sana.sy\/tr\/index.php?rest_route=\/wp\/v2\/users\/1"}],"replies":[{"embeddable":true,"href":"https:\/\/archive.sana.sy\/tr\/index.php?rest_route=%2Fwp%2Fv2%2Fcomments&post=27002"}],"version-history":[{"count":0,"href":"https:\/\/archive.sana.sy\/tr\/index.php?rest_route=\/wp\/v2\/posts\/27002\/revisions"}],"wp:featuredmedia":[{"embeddable":true,"href":"https:\/\/archive.sana.sy\/tr\/index.php?rest_route=\/wp\/v2\/media\/27003"}],"wp:attachment":[{"href":"https:\/\/archive.sana.sy\/tr\/index.php?rest_route=%2Fwp%2Fv2%2Fmedia&parent=27002"}],"wp:term":[{"taxonomy":"category","embeddable":true,"href":"https:\/\/archive.sana.sy\/tr\/index.php?rest_route=%2Fwp%2Fv2%2Fcategories&post=27002"},{"taxonomy":"post_tag","embeddable":true,"href":"https:\/\/archive.sana.sy\/tr\/index.php?rest_route=%2Fwp%2Fv2%2Ftags&post=27002"}],"curies":[{"name":"wp","href":"https:\/\/api.w.org\/{rel}","templated":true}]}}