{"id":270047,"date":"2022-12-28T12:13:48","date_gmt":"2022-12-28T10:13:48","guid":{"rendered":"http:\/\/107.6.182.27\/tr\/?p=270047"},"modified":"2022-12-29T10:03:08","modified_gmt":"2022-12-29T08:03:08","slug":"arap-partileri-konferansi-direnisi-amerikan-siyonist-planlarina-karsi-korumak-icin-suriyenin-yaninda-duruyoruz","status":"publish","type":"post","link":"https:\/\/archive.sana.sy\/tr\/?p=270047","title":{"rendered":"Arap Partileri Konferans\u0131: Direni\u015fi Amerikan Siyonist Planlar\u0131na Kar\u015f\u0131 Korumak \u0130\u00e7in Suriye&#8217;nin Yan\u0131nda Duruyoruz"},"content":{"rendered":"<p><strong>BEYRUT<\/strong> &#8211; Arap Partileri Genel Konferans\u0131 Genel Sekreteri Kas\u0131m Salih, Suriye&#8217;yi hedef alman\u0131n t\u00fcm direni\u015f eksenine y\u00f6nelik bir sald\u0131r\u0131 oldu\u011funu teyit ederek, yan\u0131nda olman\u0131n Amerikan-Siyonist planlar\u0131 kar\u015f\u0131s\u0131nda direni\u015fi, Filistin&#8217;i ve ulusu korumak oldu\u011funu vurgulad\u0131.<\/p>\n<p>Salih, Arap Uluslararas\u0131 \u0130leti\u015fim ve Dayan\u0131\u015fma Merkezi ba\u015fkan\u0131 Maan Be\u015f\u015fur taraf\u0131ndan \u00e7a\u011fr\u0131lan, Suriye \u00fczerindeki ku\u015fatmay\u0131 kald\u0131rmaya y\u00f6nelik pop\u00fcler Arap ve uluslararas\u0131 kampanya ba\u011flam\u0131nda yapt\u0131\u011f\u0131 konu\u015fmada, \u2018\u2019S\u00f6zde Amerikan Sezar Yasas\u0131, Suriye halk\u0131na d\u00fc\u015fman olan taraflar\u0131n bir tak\u0131m yalanlar\u0131na ve uydurma iddialar\u0131na dayanmaktad\u0131r \u2018\u2019 diyerek, Amerikan y\u00f6netiminin Suriye halk\u0131 \u00fczerindeki t\u00fcm olumsuz etkilerine ra\u011fmen bu yasay\u0131 dayatt\u0131\u011f\u0131n\u0131 ve s\u00fcrd\u00fcrd\u00fc\u011f\u00fcn\u00fc kaydetti.<\/p>\n<p>Salih ayr\u0131ca, Suriye&#8217;nin kar\u015f\u0131 kar\u015f\u0131ya oldu\u011fu ekonomik ter\u00f6r\u00fcn, Suriyelilerin kan\u0131n\u0131 d\u00f6ken, al\u0131n teri ve kan\u0131yla kazan\u0131lan kazan\u0131mlar\u0131 yok eden ter\u00f6r\u00fcn sadece di\u011fer y\u00fcz\u00fc oldu\u011funu a\u00e7\u0131klarken, \u00a0T\u00fcm bu Amerikan su\u00e7unun, Suriye&#8217;nin ulusal sabitlere ba\u011fl\u0131l\u0131\u011f\u0131na ve Amerikan diktalar\u0131n\u0131 reddetmesine ve Irak, Filistin ve L\u00fcbnan&#8217;daki direni\u015fe sa\u011flad\u0131\u011f\u0131 deste\u011fe bir yan\u0131t olarak geldi\u011fini belirtti.<\/p>\n<p>Salih konu\u015fmas\u0131nda da, yi\u011fit halk\u0131 ve silahl\u0131 kuvvetleriyle tekfirci ter\u00f6re kar\u015f\u0131 koyan ve d\u00fc\u015fmanca projeyi ma\u011flup eden Suriye&#8217;nin bu haks\u0131z ku\u015fatmaya onur ve kararl\u0131l\u0131kla g\u00f6\u011f\u00fcs gerece\u011fini vurgulad\u0131.<\/p>\n<p>R.M<\/p>\n<p><a class=\"x1i10hfl xjbqb8w x6umtig x1b1mbwd xaqea5y xav7gou x9f619 x1ypdohk xt0psk2 xe8uvvx xdj266r x11i5rnm xat24cr x1mh8g0r xexx8yu x4uap5 x18d9i69 xkhd6sd x16tdsg8 x1hl2dhg xggy1nq x1a2a7pz xt0b8zv x1qq9wsj xo1l8bm\" tabindex=\"0\" role=\"link\" href=\"https:\/\/www.facebook.com\/hashtag\/telegram_kanal%C4%B1m%C4%B1z?__eep__=6&amp;__cft__[0]=AZVEFRdbT-halEQXlBSKD5uVeJ2HbMw5S31upYC_3U7s4tfvQd4bgdDHTsG1suGQmrsN5vCCQsWkLw9KPnAwkbh34XSLR-6u-aCbCcBip-vm_Dtt9Tw3ZxXHPRa64tLa5g8&amp;__tn__=*NK-R\">#Telegram_Kanal\u0131m\u0131z<\/a>:\u00a0<a class=\"x1i10hfl xjbqb8w x6umtig x1b1mbwd xaqea5y xav7gou x9f619 x1ypdohk xt0psk2 xe8uvvx xdj266r x11i5rnm xat24cr x1mh8g0r xexx8yu x4uap5 x18d9i69 xkhd6sd x16tdsg8 x1hl2dhg xggy1nq x1a2a7pz xt0b8zv x1fey0fg\" tabindex=\"0\" role=\"link\" href=\"https:\/\/t.me\/SuriyeArapHaberAjans%C4%B1?fbclid=IwAR3p7vDSDzVl_hhGBQARMPWuyBkNJRbKDzKk_R0uxYHCwX16jlrmRD4RwFU\" target=\"_blank\" rel=\"nofollow noopener\">https:\/\/t.me\/SuriyeArapHaberAjans\u0131<\/a><\/p>\n","protected":false},"excerpt":{"rendered":"<p>BEYRUT &#8211; Arap Partileri Genel Konferans\u0131 Genel Sekreteri Kas\u0131m Salih, Suriye&#8217;yi hedef alman\u0131n t\u00fcm direni\u015f eksenine y\u00f6nelik bir sald\u0131r\u0131 oldu\u011funu teyit ederek, yan\u0131nda olman\u0131n Amerikan-Siyonist planlar\u0131 kar\u015f\u0131s\u0131nda direni\u015fi, Filistin&#8217;i ve ulusu korumak oldu\u011funu vurgulad\u0131. Salih, Arap Uluslararas\u0131 \u0130leti\u015fim ve Dayan\u0131\u015fma Merkezi ba\u015fkan\u0131 Maan Be\u015f\u015fur taraf\u0131ndan \u00e7a\u011fr\u0131lan, Suriye \u00fczerindeki ku\u015fatmay\u0131 kald\u0131rmaya y\u00f6nelik pop\u00fcler Arap ve uluslararas\u0131 &hellip;<\/p>\n","protected":false},"author":41,"featured_media":270048,"comment_status":"closed","ping_status":"closed","sticky":false,"template":"","format":"standard","meta":{"footnotes":""},"categories":[458,459,17988],"tags":[],"class_list":["post-270047","post","type-post","status-publish","format-standard","has-post-thumbnail","","category-dunya1","category-haberler-arap-uluslararasi-politika","category-son-haberler"],"_links":{"self":[{"href":"https:\/\/archive.sana.sy\/tr\/index.php?rest_route=\/wp\/v2\/posts\/270047","targetHints":{"allow":["GET"]}}],"collection":[{"href":"https:\/\/archive.sana.sy\/tr\/index.php?rest_route=\/wp\/v2\/posts"}],"about":[{"href":"https:\/\/archive.sana.sy\/tr\/index.php?rest_route=\/wp\/v2\/types\/post"}],"author":[{"embeddable":true,"href":"https:\/\/archive.sana.sy\/tr\/index.php?rest_route=\/wp\/v2\/users\/41"}],"replies":[{"embeddable":true,"href":"https:\/\/archive.sana.sy\/tr\/index.php?rest_route=%2Fwp%2Fv2%2Fcomments&post=270047"}],"version-history":[{"count":0,"href":"https:\/\/archive.sana.sy\/tr\/index.php?rest_route=\/wp\/v2\/posts\/270047\/revisions"}],"wp:featuredmedia":[{"embeddable":true,"href":"https:\/\/archive.sana.sy\/tr\/index.php?rest_route=\/wp\/v2\/media\/270048"}],"wp:attachment":[{"href":"https:\/\/archive.sana.sy\/tr\/index.php?rest_route=%2Fwp%2Fv2%2Fmedia&parent=270047"}],"wp:term":[{"taxonomy":"category","embeddable":true,"href":"https:\/\/archive.sana.sy\/tr\/index.php?rest_route=%2Fwp%2Fv2%2Fcategories&post=270047"},{"taxonomy":"post_tag","embeddable":true,"href":"https:\/\/archive.sana.sy\/tr\/index.php?rest_route=%2Fwp%2Fv2%2Ftags&post=270047"}],"curies":[{"name":"wp","href":"https:\/\/api.w.org\/{rel}","templated":true}]}}