{"id":270085,"date":"2022-12-28T19:34:58","date_gmt":"2022-12-28T17:34:58","guid":{"rendered":"http:\/\/107.6.182.27\/tr\/?p=270085"},"modified":"2023-01-04T13:01:58","modified_gmt":"2023-01-04T11:01:58","slug":"suriye-rusya-ve-turkiyenin-savunma-bakanlari-moskovada-terorle-mucadele-cabalarini-suriyedeki-durumu-ve-multeciler-meselesini-gorustu","status":"publish","type":"post","link":"https:\/\/archive.sana.sy\/tr\/?p=270085","title":{"rendered":"Suriye, Rusya ve T\u00fcrkiye&#8217;nin Savunma Bakanlar\u0131 Moskova&#8217;da Ter\u00f6rle M\u00fccadele \u00c7abalar\u0131n\u0131, Suriye&#8217;deki Durumu Ve M\u00fclteciler Meselesini G\u00f6r\u00fc\u015ft\u00fc"},"content":{"rendered":"<p style=\"text-align: justify;\"><strong>MOSKOVA<\/strong> &#8211; SANA&#8217;n\u0131n Moskova muhabirine g\u00f6re, Moskova&#8217;da bug\u00fcn Suriye, Rusya ve T\u00fcrkiye savunma bakanlar\u0131 aras\u0131nda ter\u00f6rle m\u00fccadele \u00e7abalar\u0131, Suriye&#8217;deki durum ve m\u00fclteci meselesinin ele al\u0131nd\u0131\u011f\u0131 \u00fc\u00e7l\u00fc bir g\u00f6r\u00fc\u015fme toplant\u0131s\u0131 d\u00fczenlendi.<\/p>\n<p style=\"text-align: justify;\">Muhabir, \u00fc\u00e7 bakan\u0131n Suriye ve b\u00f6lgedeki durumu istikrara kavu\u015fturmak i\u00e7in ortak diyalo\u011fu s\u00fcrd\u00fcrmenin gereklili\u011fini ve \u00f6nemini vurgulad\u0131klar\u0131n\u0131 bildirdi.<\/p>\n<p style=\"text-align: justify;\">Muhabir ayr\u0131ca, Rusya Savunma Bakanl\u0131\u011f\u0131&#8217;n\u0131n &#8221;Aral\u0131k&#8217;ta Moskova&#8217;da Rusya Federasyonu, Suriye ve T\u00fcrkiye savunma bakanlar\u0131 aras\u0131nda Suriye&#8217;deki durum, m\u00fclteciler sorunu ve Suriye&#8217;deki a\u015f\u0131r\u0131l\u0131k yanl\u0131s\u0131 gruplarla m\u00fccadele i\u00e7in ortak \u00e7abalar\u0131n ele al\u0131nd\u0131\u011f\u0131 \u00fc\u00e7l\u00fc g\u00f6r\u00fc\u015fmeler yap\u0131ld\u0131 &#8221; a\u00e7\u0131klamas\u0131n\u0131 aktard\u0131.<\/p>\n<p style=\"text-align: justify;\">A\u00e7\u0131klamaya g\u00f6re toplant\u0131n\u0131n ard\u0131ndan bakanlar, diyalo\u011fun yap\u0131c\u0131 niteli\u011fine de\u011finerek, Suriye ve bir b\u00fct\u00fcn olarak b\u00f6lgedeki durumun istikrar\u0131n\u0131 art\u0131rmak i\u00e7in diyalo\u011fun devam etmesi gerekti\u011fini vurgulad\u0131lar.<\/p>\n<p>R.M<\/p>\n<p><a class=\"x1i10hfl xjbqb8w x6umtig x1b1mbwd xaqea5y xav7gou x9f619 x1ypdohk xt0psk2 xe8uvvx xdj266r x11i5rnm xat24cr x1mh8g0r xexx8yu x4uap5 x18d9i69 xkhd6sd x16tdsg8 x1hl2dhg xggy1nq x1a2a7pz xt0b8zv x1qq9wsj xo1l8bm\" tabindex=\"0\" role=\"link\" href=\"https:\/\/www.facebook.com\/hashtag\/telegram_kanal%C4%B1m%C4%B1z?__eep__=6&amp;__cft__[0]=AZVEFRdbT-halEQXlBSKD5uVeJ2HbMw5S31upYC_3U7s4tfvQd4bgdDHTsG1suGQmrsN5vCCQsWkLw9KPnAwkbh34XSLR-6u-aCbCcBip-vm_Dtt9Tw3ZxXHPRa64tLa5g8&amp;__tn__=*NK-R\">#Telegram_Kanal\u0131m\u0131z<\/a>:\u00a0<a class=\"x1i10hfl xjbqb8w x6umtig x1b1mbwd xaqea5y xav7gou x9f619 x1ypdohk xt0psk2 xe8uvvx xdj266r x11i5rnm xat24cr x1mh8g0r xexx8yu x4uap5 x18d9i69 xkhd6sd x16tdsg8 x1hl2dhg xggy1nq x1a2a7pz xt0b8zv x1fey0fg\" tabindex=\"0\" role=\"link\" href=\"https:\/\/t.me\/SuriyeArapHaberAjans%C4%B1?fbclid=IwAR3p7vDSDzVl_hhGBQARMPWuyBkNJRbKDzKk_R0uxYHCwX16jlrmRD4RwFU\" target=\"_blank\" rel=\"nofollow noopener\">https:\/\/t.me\/SuriyeArapHaberAjans\u0131<\/a><\/p>\n","protected":false},"excerpt":{"rendered":"<p>MOSKOVA &#8211; SANA&#8217;n\u0131n Moskova muhabirine g\u00f6re, Moskova&#8217;da bug\u00fcn Suriye, Rusya ve T\u00fcrkiye savunma bakanlar\u0131 aras\u0131nda ter\u00f6rle m\u00fccadele \u00e7abalar\u0131, Suriye&#8217;deki durum ve m\u00fclteci meselesinin ele al\u0131nd\u0131\u011f\u0131 \u00fc\u00e7l\u00fc bir g\u00f6r\u00fc\u015fme toplant\u0131s\u0131 d\u00fczenlendi. Muhabir, \u00fc\u00e7 bakan\u0131n Suriye ve b\u00f6lgedeki durumu istikrara kavu\u015fturmak i\u00e7in ortak diyalo\u011fu s\u00fcrd\u00fcrmenin gereklili\u011fini ve \u00f6nemini vurgulad\u0131klar\u0131n\u0131 bildirdi. Muhabir ayr\u0131ca, Rusya Savunma Bakanl\u0131\u011f\u0131&#8217;n\u0131n &#8221;Aral\u0131k&#8217;ta Moskova&#8217;da &hellip;<\/p>\n","protected":false},"author":41,"featured_media":0,"comment_status":"closed","ping_status":"closed","sticky":false,"template":"","format":"standard","meta":{"footnotes":""},"categories":[458,459,17988,2555],"tags":[],"class_list":["post-270085","post","type-post","status-publish","format-standard","","category-dunya1","category-haberler-arap-uluslararasi-politika","category-son-haberler","category-suriye-ve-turkiye"],"_links":{"self":[{"href":"https:\/\/archive.sana.sy\/tr\/index.php?rest_route=\/wp\/v2\/posts\/270085","targetHints":{"allow":["GET"]}}],"collection":[{"href":"https:\/\/archive.sana.sy\/tr\/index.php?rest_route=\/wp\/v2\/posts"}],"about":[{"href":"https:\/\/archive.sana.sy\/tr\/index.php?rest_route=\/wp\/v2\/types\/post"}],"author":[{"embeddable":true,"href":"https:\/\/archive.sana.sy\/tr\/index.php?rest_route=\/wp\/v2\/users\/41"}],"replies":[{"embeddable":true,"href":"https:\/\/archive.sana.sy\/tr\/index.php?rest_route=%2Fwp%2Fv2%2Fcomments&post=270085"}],"version-history":[{"count":0,"href":"https:\/\/archive.sana.sy\/tr\/index.php?rest_route=\/wp\/v2\/posts\/270085\/revisions"}],"wp:attachment":[{"href":"https:\/\/archive.sana.sy\/tr\/index.php?rest_route=%2Fwp%2Fv2%2Fmedia&parent=270085"}],"wp:term":[{"taxonomy":"category","embeddable":true,"href":"https:\/\/archive.sana.sy\/tr\/index.php?rest_route=%2Fwp%2Fv2%2Fcategories&post=270085"},{"taxonomy":"post_tag","embeddable":true,"href":"https:\/\/archive.sana.sy\/tr\/index.php?rest_route=%2Fwp%2Fv2%2Ftags&post=270085"}],"curies":[{"name":"wp","href":"https:\/\/api.w.org\/{rel}","templated":true}]}}