{"id":270094,"date":"2022-12-28T19:00:38","date_gmt":"2022-12-28T17:00:38","guid":{"rendered":"http:\/\/107.6.182.27\/tr\/?p=270094"},"modified":"2023-12-18T08:58:40","modified_gmt":"2023-12-18T05:58:40","slug":"hama-kirsalinda-terorden-arta-kalan-mayin-patlamasi-sonucu-4-sivil-sehit-dustu","status":"publish","type":"post","link":"https:\/\/archive.sana.sy\/tr\/?p=270094","title":{"rendered":"Hama K\u0131rsal\u0131nda Ter\u00f6rden Arta Kalan May\u0131n Patlamas\u0131 Sonucu\u00a04 Sivil \u015eehit D\u00fc\u015ft\u00fc"},"content":{"rendered":"<p><strong>HAMA<\/strong> &#8211; (I\u015e\u0130D) \u00f6rg\u00fct\u00fc ter\u00f6ristlerinin Hama k\u0131rsal\u0131nda Salamiye&#8217;n\u0131n do\u011fusunda b\u0131rakt\u0131klar\u0131 kara may\u0131n\u0131n\u0131n patlamas\u0131 sonucu d\u00f6rt sivil \u015fehit d\u00fc\u015ft\u00fc.<\/p>\n<p>Hama \u0130l Polis Komutanl\u0131\u011f\u0131ndan bir kaynak, SANA muhabirine, ter\u00f6ristlerin b\u0131rakt\u0131\u011f\u0131 bir may\u0131n\u0131n bug\u00fcn Salamiye k\u0131rsal\u0131n\u0131n do\u011fusundaki Tal Seleme b\u00f6lgesindeki tar\u0131m arazilerinde patlayarak d\u00f6rt sivili \u015fehit d\u00fc\u015f\u00fcrd\u00fc\u011f\u00fcn\u00fc belirtti.<\/p>\n<p>R.M<\/p>\n<p><a class=\"x1i10hfl xjbqb8w x6umtig x1b1mbwd xaqea5y xav7gou x9f619 x1ypdohk xt0psk2 xe8uvvx xdj266r x11i5rnm xat24cr x1mh8g0r xexx8yu x4uap5 x18d9i69 xkhd6sd x16tdsg8 x1hl2dhg xggy1nq x1a2a7pz xt0b8zv x1qq9wsj xo1l8bm\" tabindex=\"0\" role=\"link\" href=\"https:\/\/www.facebook.com\/hashtag\/telegram_kanal%C4%B1m%C4%B1z?__eep__=6&amp;__cft__[0]=AZVEFRdbT-halEQXlBSKD5uVeJ2HbMw5S31upYC_3U7s4tfvQd4bgdDHTsG1suGQmrsN5vCCQsWkLw9KPnAwkbh34XSLR-6u-aCbCcBip-vm_Dtt9Tw3ZxXHPRa64tLa5g8&amp;__tn__=*NK-R\">#Telegram_Kanal\u0131m\u0131z<\/a>:\u00a0<a class=\"x1i10hfl xjbqb8w x6umtig x1b1mbwd xaqea5y xav7gou x9f619 x1ypdohk xt0psk2 xe8uvvx xdj266r x11i5rnm xat24cr x1mh8g0r xexx8yu x4uap5 x18d9i69 xkhd6sd x16tdsg8 x1hl2dhg xggy1nq x1a2a7pz xt0b8zv x1fey0fg\" tabindex=\"0\" role=\"link\" href=\"https:\/\/t.me\/SuriyeArapHaberAjans%C4%B1?fbclid=IwAR3p7vDSDzVl_hhGBQARMPWuyBkNJRbKDzKk_R0uxYHCwX16jlrmRD4RwFU\" target=\"_blank\" rel=\"nofollow noopener\">https:\/\/t.me\/SuriyeArapHaberAjans\u0131<\/a><\/p>\n","protected":false},"excerpt":{"rendered":"<p>HAMA &#8211; (I\u015e\u0130D) \u00f6rg\u00fct\u00fc ter\u00f6ristlerinin Hama k\u0131rsal\u0131nda Salamiye&#8217;n\u0131n do\u011fusunda b\u0131rakt\u0131klar\u0131 kara may\u0131n\u0131n\u0131n patlamas\u0131 sonucu d\u00f6rt sivil \u015fehit d\u00fc\u015ft\u00fc. Hama \u0130l Polis Komutanl\u0131\u011f\u0131ndan bir kaynak, SANA muhabirine, ter\u00f6ristlerin b\u0131rakt\u0131\u011f\u0131 bir may\u0131n\u0131n bug\u00fcn Salamiye k\u0131rsal\u0131n\u0131n do\u011fusundaki Tal Seleme b\u00f6lgesindeki tar\u0131m arazilerinde patlayarak d\u00f6rt sivili \u015fehit d\u00fc\u015f\u00fcrd\u00fc\u011f\u00fcn\u00fc belirtti. R.M #Telegram_Kanal\u0131m\u0131z:\u00a0https:\/\/t.me\/SuriyeArapHaberAjans\u0131<\/p>\n","protected":false},"author":41,"featured_media":270096,"comment_status":"closed","ping_status":"closed","sticky":false,"template":"","format":"standard","meta":{"footnotes":""},"categories":[479,575,17988,478],"tags":[],"class_list":["post-270094","post","type-post","status-publish","format-standard","has-post-thumbnail","","category-haberler-yerel","category-olaylar-ve-gercekler","category-son-haberler","category-yerel"],"_links":{"self":[{"href":"https:\/\/archive.sana.sy\/tr\/index.php?rest_route=\/wp\/v2\/posts\/270094","targetHints":{"allow":["GET"]}}],"collection":[{"href":"https:\/\/archive.sana.sy\/tr\/index.php?rest_route=\/wp\/v2\/posts"}],"about":[{"href":"https:\/\/archive.sana.sy\/tr\/index.php?rest_route=\/wp\/v2\/types\/post"}],"author":[{"embeddable":true,"href":"https:\/\/archive.sana.sy\/tr\/index.php?rest_route=\/wp\/v2\/users\/41"}],"replies":[{"embeddable":true,"href":"https:\/\/archive.sana.sy\/tr\/index.php?rest_route=%2Fwp%2Fv2%2Fcomments&post=270094"}],"version-history":[{"count":1,"href":"https:\/\/archive.sana.sy\/tr\/index.php?rest_route=\/wp\/v2\/posts\/270094\/revisions"}],"predecessor-version":[{"id":293654,"href":"https:\/\/archive.sana.sy\/tr\/index.php?rest_route=\/wp\/v2\/posts\/270094\/revisions\/293654"}],"wp:featuredmedia":[{"embeddable":true,"href":"https:\/\/archive.sana.sy\/tr\/index.php?rest_route=\/wp\/v2\/media\/270096"}],"wp:attachment":[{"href":"https:\/\/archive.sana.sy\/tr\/index.php?rest_route=%2Fwp%2Fv2%2Fmedia&parent=270094"}],"wp:term":[{"taxonomy":"category","embeddable":true,"href":"https:\/\/archive.sana.sy\/tr\/index.php?rest_route=%2Fwp%2Fv2%2Fcategories&post=270094"},{"taxonomy":"post_tag","embeddable":true,"href":"https:\/\/archive.sana.sy\/tr\/index.php?rest_route=%2Fwp%2Fv2%2Ftags&post=270094"}],"curies":[{"name":"wp","href":"https:\/\/api.w.org\/{rel}","templated":true}]}}