{"id":270101,"date":"2022-12-29T08:05:29","date_gmt":"2022-12-29T06:05:29","guid":{"rendered":"http:\/\/107.6.182.27\/tr\/?p=270101"},"modified":"2023-01-02T07:11:47","modified_gmt":"2023-01-02T05:11:47","slug":"isgal-gucleri-bati-yakada-8-filistinliyi-tutukladi-2","status":"publish","type":"post","link":"https:\/\/archive.sana.sy\/tr\/?p=270101","title":{"rendered":"\u0130\u015fgal g\u00fc\u00e7leri Bat\u0131 Yaka&#8217;da 8 Filistinliyi Tutuklad\u0131"},"content":{"rendered":"<p><strong>\u0130\u015eGAL ED\u0130LEN KUD\u00dcS<\/strong> &#8211; \u0130srail i\u015fgal g\u00fc\u00e7leri bug\u00fcn Bat\u0131 Yaka&#8217;n\u0131n farkl\u0131 b\u00f6lgelerinde sekiz Filistinliyi tutuklad\u0131.<\/p>\n<p>Wafa haber ajans\u0131, i\u015fgal g\u00fc\u00e7lerinin El Halil&#8217;de Dura ve Beyit Amir, Kud\u00fcs&#8217;te Beyit Duka, Ramallah&#8217;ta El Mugayir ve Umm El Safa kasabalar\u0131na bask\u0131n d\u00fczenledi\u011fini ve sekiz Filistinliyi tutuklad\u0131\u011f\u0131n\u0131 bildirdi.<\/p>\n<p>i\u015fgal g\u00fc\u00e7leri d\u00fcn Bat\u0131 Yakaa&#8217;da on Filistinliyi tutuklad\u0131.<\/p>\n<p>R.M<\/p>\n<p><a class=\"x1i10hfl xjbqb8w x6umtig x1b1mbwd xaqea5y xav7gou x9f619 x1ypdohk xt0psk2 xe8uvvx xdj266r x11i5rnm xat24cr x1mh8g0r xexx8yu x4uap5 x18d9i69 xkhd6sd x16tdsg8 x1hl2dhg xggy1nq x1a2a7pz xt0b8zv x1qq9wsj xo1l8bm\" tabindex=\"0\" role=\"link\" href=\"https:\/\/www.facebook.com\/hashtag\/telegram_kanal%C4%B1m%C4%B1z?__eep__=6&amp;__cft__[0]=AZVEFRdbT-halEQXlBSKD5uVeJ2HbMw5S31upYC_3U7s4tfvQd4bgdDHTsG1suGQmrsN5vCCQsWkLw9KPnAwkbh34XSLR-6u-aCbCcBip-vm_Dtt9Tw3ZxXHPRa64tLa5g8&amp;__tn__=*NK-R\">#Telegram_Kanal\u0131m\u0131z<\/a>:\u00a0<a class=\"x1i10hfl xjbqb8w x6umtig x1b1mbwd xaqea5y xav7gou x9f619 x1ypdohk xt0psk2 xe8uvvx xdj266r x11i5rnm xat24cr x1mh8g0r xexx8yu x4uap5 x18d9i69 xkhd6sd x16tdsg8 x1hl2dhg xggy1nq x1a2a7pz xt0b8zv x1fey0fg\" tabindex=\"0\" role=\"link\" href=\"https:\/\/t.me\/SuriyeArapHaberAjans%C4%B1?fbclid=IwAR3p7vDSDzVl_hhGBQARMPWuyBkNJRbKDzKk_R0uxYHCwX16jlrmRD4RwFU\" target=\"_blank\" rel=\"nofollow noopener\">https:\/\/t.me\/SuriyeArapHaberAjans\u0131<\/a><\/p>\n","protected":false},"excerpt":{"rendered":"<p>\u0130\u015eGAL ED\u0130LEN KUD\u00dcS &#8211; \u0130srail i\u015fgal g\u00fc\u00e7leri bug\u00fcn Bat\u0131 Yaka&#8217;n\u0131n farkl\u0131 b\u00f6lgelerinde sekiz Filistinliyi tutuklad\u0131. Wafa haber ajans\u0131, i\u015fgal g\u00fc\u00e7lerinin El Halil&#8217;de Dura ve Beyit Amir, Kud\u00fcs&#8217;te Beyit Duka, Ramallah&#8217;ta El Mugayir ve Umm El Safa kasabalar\u0131na bask\u0131n d\u00fczenledi\u011fini ve sekiz Filistinliyi tutuklad\u0131\u011f\u0131n\u0131 bildirdi. i\u015fgal g\u00fc\u00e7leri d\u00fcn Bat\u0131 Yakaa&#8217;da on Filistinliyi tutuklad\u0131. R.M #Telegram_Kanal\u0131m\u0131z:\u00a0https:\/\/t.me\/SuriyeArapHaberAjans\u0131<\/p>\n","protected":false},"author":41,"featured_media":270103,"comment_status":"closed","ping_status":"closed","sticky":false,"template":"","format":"standard","meta":{"footnotes":""},"categories":[458,459,17988],"tags":[],"class_list":["post-270101","post","type-post","status-publish","format-standard","has-post-thumbnail","","category-dunya1","category-haberler-arap-uluslararasi-politika","category-son-haberler"],"_links":{"self":[{"href":"https:\/\/archive.sana.sy\/tr\/index.php?rest_route=\/wp\/v2\/posts\/270101","targetHints":{"allow":["GET"]}}],"collection":[{"href":"https:\/\/archive.sana.sy\/tr\/index.php?rest_route=\/wp\/v2\/posts"}],"about":[{"href":"https:\/\/archive.sana.sy\/tr\/index.php?rest_route=\/wp\/v2\/types\/post"}],"author":[{"embeddable":true,"href":"https:\/\/archive.sana.sy\/tr\/index.php?rest_route=\/wp\/v2\/users\/41"}],"replies":[{"embeddable":true,"href":"https:\/\/archive.sana.sy\/tr\/index.php?rest_route=%2Fwp%2Fv2%2Fcomments&post=270101"}],"version-history":[{"count":0,"href":"https:\/\/archive.sana.sy\/tr\/index.php?rest_route=\/wp\/v2\/posts\/270101\/revisions"}],"wp:featuredmedia":[{"embeddable":true,"href":"https:\/\/archive.sana.sy\/tr\/index.php?rest_route=\/wp\/v2\/media\/270103"}],"wp:attachment":[{"href":"https:\/\/archive.sana.sy\/tr\/index.php?rest_route=%2Fwp%2Fv2%2Fmedia&parent=270101"}],"wp:term":[{"taxonomy":"category","embeddable":true,"href":"https:\/\/archive.sana.sy\/tr\/index.php?rest_route=%2Fwp%2Fv2%2Fcategories&post=270101"},{"taxonomy":"post_tag","embeddable":true,"href":"https:\/\/archive.sana.sy\/tr\/index.php?rest_route=%2Fwp%2Fv2%2Ftags&post=270101"}],"curies":[{"name":"wp","href":"https:\/\/api.w.org\/{rel}","templated":true}]}}