{"id":270222,"date":"2022-12-31T13:06:38","date_gmt":"2022-12-31T11:06:38","guid":{"rendered":"http:\/\/107.6.182.27\/tr\/?p=270222"},"modified":"2023-01-02T07:10:34","modified_gmt":"2023-01-02T05:10:34","slug":"israil-isgal-gucleri-bati-yakada-dort-filistinliyi-tutukladi","status":"publish","type":"post","link":"https:\/\/archive.sana.sy\/tr\/?p=270222","title":{"rendered":"\u0130srail \u0130\u015fgal G\u00fc\u00e7leri Bat\u0131 Yaka&#8217;da D\u00f6rt Filistinliyi Tutuklad\u0131"},"content":{"rendered":"<p><strong>\u0130\u015eGAL ED\u0130LEN KUD\u00dcS<\/strong> \u2013 \u0130srail i\u015fgal g\u00fc\u00e7leri bug\u00fcn Bat\u0131 Yaka&#8217;da d\u00f6rt Filistinliyi tutuklad\u0131.<\/p>\n<p>Filistin Wafa Ajans\u0131, \u0130\u015fgal g\u00fc\u00e7lerinin Tulkarm&#8217;\u0131n do\u011fusundaki Nur \u015eemis kamp\u0131ndan iki genci Nablus&#8217;un bat\u0131s\u0131ndaki kontrol noktalar\u0131ndan birinden ge\u00e7erken g\u00f6zalt\u0131na ald\u0131\u011f\u0131n\u0131 ve \u00a0El Halil&#8217;in do\u011fusundaki Seir kasabas\u0131nda iki genci evlerine bask\u0131n d\u00fczenleyerek tutuklad\u0131\u011f\u0131n\u0131 belirtti.<\/p>\n<p>\u0130\u015fgal g\u00fc\u00e7leri d\u00fcn Bat\u0131 Yaka&#8217;da d\u00f6rt Filistinliyi tutuklam\u0131\u015ft\u0131.<\/p>\n<p>R.M<\/p>\n<p><a href=\"https:\/\/t.me\/SuriyeArapHaberAjansI\">Telgram Kanal\u0131m\u0131z\u00a0<\/a><\/p>\n<p><a href=\"https:\/\/www.facebook.com\/SANAHaberAjansi\/\">Facebook Sayfam\u0131z<\/a><\/p>\n","protected":false},"excerpt":{"rendered":"<p>\u0130\u015eGAL ED\u0130LEN KUD\u00dcS \u2013 \u0130srail i\u015fgal g\u00fc\u00e7leri bug\u00fcn Bat\u0131 Yaka&#8217;da d\u00f6rt Filistinliyi tutuklad\u0131. Filistin Wafa Ajans\u0131, \u0130\u015fgal g\u00fc\u00e7lerinin Tulkarm&#8217;\u0131n do\u011fusundaki Nur \u015eemis kamp\u0131ndan iki genci Nablus&#8217;un bat\u0131s\u0131ndaki kontrol noktalar\u0131ndan birinden ge\u00e7erken g\u00f6zalt\u0131na ald\u0131\u011f\u0131n\u0131 ve \u00a0El Halil&#8217;in do\u011fusundaki Seir kasabas\u0131nda iki genci evlerine bask\u0131n d\u00fczenleyerek tutuklad\u0131\u011f\u0131n\u0131 belirtti. \u0130\u015fgal g\u00fc\u00e7leri d\u00fcn Bat\u0131 Yaka&#8217;da d\u00f6rt Filistinliyi tutuklam\u0131\u015ft\u0131. R.M &hellip;<\/p>\n","protected":false},"author":41,"featured_media":270223,"comment_status":"closed","ping_status":"closed","sticky":false,"template":"","format":"standard","meta":{"footnotes":""},"categories":[458,459,17988],"tags":[],"class_list":["post-270222","post","type-post","status-publish","format-standard","has-post-thumbnail","","category-dunya1","category-haberler-arap-uluslararasi-politika","category-son-haberler"],"_links":{"self":[{"href":"https:\/\/archive.sana.sy\/tr\/index.php?rest_route=\/wp\/v2\/posts\/270222","targetHints":{"allow":["GET"]}}],"collection":[{"href":"https:\/\/archive.sana.sy\/tr\/index.php?rest_route=\/wp\/v2\/posts"}],"about":[{"href":"https:\/\/archive.sana.sy\/tr\/index.php?rest_route=\/wp\/v2\/types\/post"}],"author":[{"embeddable":true,"href":"https:\/\/archive.sana.sy\/tr\/index.php?rest_route=\/wp\/v2\/users\/41"}],"replies":[{"embeddable":true,"href":"https:\/\/archive.sana.sy\/tr\/index.php?rest_route=%2Fwp%2Fv2%2Fcomments&post=270222"}],"version-history":[{"count":0,"href":"https:\/\/archive.sana.sy\/tr\/index.php?rest_route=\/wp\/v2\/posts\/270222\/revisions"}],"wp:featuredmedia":[{"embeddable":true,"href":"https:\/\/archive.sana.sy\/tr\/index.php?rest_route=\/wp\/v2\/media\/270223"}],"wp:attachment":[{"href":"https:\/\/archive.sana.sy\/tr\/index.php?rest_route=%2Fwp%2Fv2%2Fmedia&parent=270222"}],"wp:term":[{"taxonomy":"category","embeddable":true,"href":"https:\/\/archive.sana.sy\/tr\/index.php?rest_route=%2Fwp%2Fv2%2Fcategories&post=270222"},{"taxonomy":"post_tag","embeddable":true,"href":"https:\/\/archive.sana.sy\/tr\/index.php?rest_route=%2Fwp%2Fv2%2Ftags&post=270222"}],"curies":[{"name":"wp","href":"https:\/\/api.w.org\/{rel}","templated":true}]}}