{"id":270226,"date":"2022-12-31T13:23:38","date_gmt":"2022-12-31T11:23:38","guid":{"rendered":"http:\/\/107.6.182.27\/tr\/?p=270226"},"modified":"2023-01-02T07:10:39","modified_gmt":"2023-01-02T05:10:39","slug":"shoigu-rusyanin-donbassi-korumak-icin-kendi-askeri-operasyonuyla-zaferi-kacinilmaz","status":"publish","type":"post","link":"https:\/\/archive.sana.sy\/tr\/?p=270226","title":{"rendered":"Shoigu: Rusya&#8217;n\u0131n Donbass&#8217;\u0131 Korumak \u0130\u00e7in Kendi Askeri Operasyonunda Zaferi Ka\u00e7\u0131n\u0131lmazd\u0131r"},"content":{"rendered":"<p><strong>MOSKOVA<\/strong> &#8211; Rusya Savunma Bakan\u0131 Sergei Shoigu, bug\u00fcn Donbass b\u00f6lgesini Kiev rejiminin bask\u0131s\u0131ndan korumak i\u00e7in d\u00fczenledi\u011fi \u00f6zel askeri operasyonda Rusya&#8217;n\u0131n zafer kazanmas\u0131n\u0131n ka\u00e7\u0131n\u0131lmaz oldu\u011funu duyurdu.<\/p>\n<p>\u015eoygu, Rusya Savunma Bakanl\u0131\u011f\u0131 taraf\u0131ndan yay\u0131nlanan ve Rus Silahl\u0131 Kuvvetlerinin yeni y\u0131l\u0131n\u0131 kutlad\u0131\u011f\u0131 bir a\u00e7\u0131klamada: &#8220;Ge\u00e7ti\u011fimiz y\u0131l, neo-Nazizme ve ter\u00f6re kar\u015f\u0131 m\u00fccadelede \u00f6l\u00fcms\u00fcz i\u015fler ve kahramanl\u0131klarla doluydu. Bu operasyon sadece Rusya&#8217;n\u0131n b\u00fcy\u00fck tarihinin de\u011fil, ayn\u0131 zamanda parlak gelece\u011finin de bir korumas\u0131d\u0131r&#8221; dedi.<\/p>\n<p>Shoigu ayr\u0131ca,\u00a0 Rus Silahl\u0131 Kuvvetleri mensuplar\u0131na t\u00fcm fedakarl\u0131klar\u0131 i\u00e7in te\u015fekk\u00fcr etti ve takdirlerini dile getirdi.<\/p>\n<p>&nbsp;<\/p>\n<p>R.M<\/p>\n<p><a href=\"https:\/\/t.me\/SuriyeArapHaberAjansI\">Telgram Kanal\u0131m\u0131z\u00a0<\/a><\/p>\n<p><a href=\"https:\/\/www.facebook.com\/SANAHaberAjansi\/\">Facebook Sayfam\u0131z<\/a><\/p>\n","protected":false},"excerpt":{"rendered":"<p>MOSKOVA &#8211; Rusya Savunma Bakan\u0131 Sergei Shoigu, bug\u00fcn Donbass b\u00f6lgesini Kiev rejiminin bask\u0131s\u0131ndan korumak i\u00e7in d\u00fczenledi\u011fi \u00f6zel askeri operasyonda Rusya&#8217;n\u0131n zafer kazanmas\u0131n\u0131n ka\u00e7\u0131n\u0131lmaz oldu\u011funu duyurdu. \u015eoygu, Rusya Savunma Bakanl\u0131\u011f\u0131 taraf\u0131ndan yay\u0131nlanan ve Rus Silahl\u0131 Kuvvetlerinin yeni y\u0131l\u0131n\u0131 kutlad\u0131\u011f\u0131 bir a\u00e7\u0131klamada: &#8220;Ge\u00e7ti\u011fimiz y\u0131l, neo-Nazizme ve ter\u00f6re kar\u015f\u0131 m\u00fccadelede \u00f6l\u00fcms\u00fcz i\u015fler ve kahramanl\u0131klarla doluydu. Bu operasyon sadece &hellip;<\/p>\n","protected":false},"author":41,"featured_media":270227,"comment_status":"closed","ping_status":"closed","sticky":false,"template":"","format":"standard","meta":{"footnotes":""},"categories":[458,459,17988],"tags":[],"class_list":["post-270226","post","type-post","status-publish","format-standard","has-post-thumbnail","","category-dunya1","category-haberler-arap-uluslararasi-politika","category-son-haberler"],"_links":{"self":[{"href":"https:\/\/archive.sana.sy\/tr\/index.php?rest_route=\/wp\/v2\/posts\/270226","targetHints":{"allow":["GET"]}}],"collection":[{"href":"https:\/\/archive.sana.sy\/tr\/index.php?rest_route=\/wp\/v2\/posts"}],"about":[{"href":"https:\/\/archive.sana.sy\/tr\/index.php?rest_route=\/wp\/v2\/types\/post"}],"author":[{"embeddable":true,"href":"https:\/\/archive.sana.sy\/tr\/index.php?rest_route=\/wp\/v2\/users\/41"}],"replies":[{"embeddable":true,"href":"https:\/\/archive.sana.sy\/tr\/index.php?rest_route=%2Fwp%2Fv2%2Fcomments&post=270226"}],"version-history":[{"count":0,"href":"https:\/\/archive.sana.sy\/tr\/index.php?rest_route=\/wp\/v2\/posts\/270226\/revisions"}],"wp:featuredmedia":[{"embeddable":true,"href":"https:\/\/archive.sana.sy\/tr\/index.php?rest_route=\/wp\/v2\/media\/270227"}],"wp:attachment":[{"href":"https:\/\/archive.sana.sy\/tr\/index.php?rest_route=%2Fwp%2Fv2%2Fmedia&parent=270226"}],"wp:term":[{"taxonomy":"category","embeddable":true,"href":"https:\/\/archive.sana.sy\/tr\/index.php?rest_route=%2Fwp%2Fv2%2Fcategories&post=270226"},{"taxonomy":"post_tag","embeddable":true,"href":"https:\/\/archive.sana.sy\/tr\/index.php?rest_route=%2Fwp%2Fv2%2Ftags&post=270226"}],"curies":[{"name":"wp","href":"https:\/\/api.w.org\/{rel}","templated":true}]}}