{"id":270233,"date":"2022-12-31T13:41:12","date_gmt":"2022-12-31T11:41:12","guid":{"rendered":"http:\/\/107.6.182.27\/tr\/?p=270233"},"modified":"2023-01-02T07:10:50","modified_gmt":"2023-01-02T05:10:50","slug":"bm-uluslararasi-mahkemeyi-isgal-konusunu-gozden-gecirmeye-cagiran-bir-filistin-karar-taslagini-kabul-etti","status":"publish","type":"post","link":"https:\/\/archive.sana.sy\/tr\/?p=270233","title":{"rendered":"BM, Uluslararas\u0131 Mahkemeyi \u0130\u015fgal Konusunu G\u00f6zden Ge\u00e7irmeye \u00c7a\u011f\u0131ran Bir Filistin Karar Tasla\u011f\u0131n\u0131 Kabul Etti"},"content":{"rendered":"<p><strong>MOSKOVA<\/strong> &#8211; Birle\u015fmi\u015f Milletler Genel Kurulu bug\u00fcn, Uluslararas\u0131 Adalet Divan\u0131&#8217;n\u0131 \u0130srail i\u015fgali konusunu g\u00f6zden ge\u00e7irmeye \u00e7a\u011f\u0131ran bir Filistin karar tasla\u011f\u0131n\u0131 oy \u00e7oklu\u011fuyla kabul etti.<\/p>\n<p>Filistin WAFA\u00a0 Ajans\u0131, \u00a0karara 87 \u00fclkenin oy verdi\u011fini, 25 \u00fclke ve i\u015fgalci taraf\u0131n kar\u015f\u0131 \u00e7\u0131kt\u0131\u011f\u0131n\u0131, 53 \u00fclkenin ise \u00e7ekimser kald\u0131\u011f\u0131n\u0131 belirtti.<\/p>\n<p>Filistin&#8217;in Birle\u015fmi\u015f Milletler Daimi Temsilcisi Riyad Mansur, \u2018\u2019Birle\u015fmi\u015f Milletler bu oylama ile Filistin halk\u0131n\u0131n kendi kaderini tayin, i\u015fgal, yerle\u015fim ve ilhak hakk\u0131n\u0131n ihlaline ili\u015fkin olarak Uluslararas\u0131 Adalet Divan\u0131&#8217;ndan isti\u015fari g\u00f6r\u00fc\u015f talep etti\u2019\u2019 dedi.<\/p>\n<p>Filistin Ba\u015fkanl\u0131\u011f\u0131 ise, Genel Kurul&#8217;un karar lehine oy kullanmas\u0131n\u0131n, uluslararas\u0131 toplumun Filistin halk\u0131n\u0131n devredilemez haklar\u0131n\u0131 destekledi\u011fini kan\u0131tlad\u0131\u011f\u0131n\u0131 vurgulayarak,\u00a0 i\u015fgalin uluslararas\u0131 kanunlar\u0131 ve s\u00f6zle\u015fmeleri ihlal eden su\u00e7lar\u0131ndan sorumlu tutulmas\u0131 gerekti\u011fini kaydetti.<\/p>\n<p>R.M<\/p>\n<p><a href=\"https:\/\/t.me\/SuriyeArapHaberAjansI\">Telgram Kanal\u0131m\u0131z\u00a0<\/a><\/p>\n<p><a href=\"https:\/\/www.facebook.com\/SANAHaberAjansi\/\">Facebook Sayfam\u0131z<\/a><\/p>\n<p>&nbsp;<\/p>\n","protected":false},"excerpt":{"rendered":"<p>MOSKOVA &#8211; Birle\u015fmi\u015f Milletler Genel Kurulu bug\u00fcn, Uluslararas\u0131 Adalet Divan\u0131&#8217;n\u0131 \u0130srail i\u015fgali konusunu g\u00f6zden ge\u00e7irmeye \u00e7a\u011f\u0131ran bir Filistin karar tasla\u011f\u0131n\u0131 oy \u00e7oklu\u011fuyla kabul etti. Filistin WAFA\u00a0 Ajans\u0131, \u00a0karara 87 \u00fclkenin oy verdi\u011fini, 25 \u00fclke ve i\u015fgalci taraf\u0131n kar\u015f\u0131 \u00e7\u0131kt\u0131\u011f\u0131n\u0131, 53 \u00fclkenin ise \u00e7ekimser kald\u0131\u011f\u0131n\u0131 belirtti. Filistin&#8217;in Birle\u015fmi\u015f Milletler Daimi Temsilcisi Riyad Mansur, \u2018\u2019Birle\u015fmi\u015f Milletler bu &hellip;<\/p>\n","protected":false},"author":41,"featured_media":270234,"comment_status":"closed","ping_status":"closed","sticky":false,"template":"","format":"standard","meta":{"footnotes":""},"categories":[458,459,17988],"tags":[],"class_list":["post-270233","post","type-post","status-publish","format-standard","has-post-thumbnail","","category-dunya1","category-haberler-arap-uluslararasi-politika","category-son-haberler"],"_links":{"self":[{"href":"https:\/\/archive.sana.sy\/tr\/index.php?rest_route=\/wp\/v2\/posts\/270233","targetHints":{"allow":["GET"]}}],"collection":[{"href":"https:\/\/archive.sana.sy\/tr\/index.php?rest_route=\/wp\/v2\/posts"}],"about":[{"href":"https:\/\/archive.sana.sy\/tr\/index.php?rest_route=\/wp\/v2\/types\/post"}],"author":[{"embeddable":true,"href":"https:\/\/archive.sana.sy\/tr\/index.php?rest_route=\/wp\/v2\/users\/41"}],"replies":[{"embeddable":true,"href":"https:\/\/archive.sana.sy\/tr\/index.php?rest_route=%2Fwp%2Fv2%2Fcomments&post=270233"}],"version-history":[{"count":0,"href":"https:\/\/archive.sana.sy\/tr\/index.php?rest_route=\/wp\/v2\/posts\/270233\/revisions"}],"wp:featuredmedia":[{"embeddable":true,"href":"https:\/\/archive.sana.sy\/tr\/index.php?rest_route=\/wp\/v2\/media\/270234"}],"wp:attachment":[{"href":"https:\/\/archive.sana.sy\/tr\/index.php?rest_route=%2Fwp%2Fv2%2Fmedia&parent=270233"}],"wp:term":[{"taxonomy":"category","embeddable":true,"href":"https:\/\/archive.sana.sy\/tr\/index.php?rest_route=%2Fwp%2Fv2%2Fcategories&post=270233"},{"taxonomy":"post_tag","embeddable":true,"href":"https:\/\/archive.sana.sy\/tr\/index.php?rest_route=%2Fwp%2Fv2%2Ftags&post=270233"}],"curies":[{"name":"wp","href":"https:\/\/api.w.org\/{rel}","templated":true}]}}