{"id":270236,"date":"2022-12-31T09:00:24","date_gmt":"2022-12-31T07:00:24","guid":{"rendered":"http:\/\/107.6.182.27\/tr\/?p=270236"},"modified":"2023-01-02T07:10:19","modified_gmt":"2023-01-02T05:10:19","slug":"donetsk-ukrayna-rejimi-gucleri-cumhuriyet-topraklarini-13-top-mermisi-ile-bombaladi","status":"publish","type":"post","link":"https:\/\/archive.sana.sy\/tr\/?p=270236","title":{"rendered":"Donetsk: Ukrayna Rejimi G\u00fc\u00e7leri Cumhuriyet Topraklar\u0131n\u0131 13 Top Mermisi \u0130le Bombalad\u0131"},"content":{"rendered":"<p><strong>DONETSK<\/strong> &#8211; Donetsk Cumhuriyeti yetkilileri, bug\u00fcn Kiev rejimi g\u00fc\u00e7lerinin Cumhuriyet topraklar\u0131n\u0131 Bantey-Limonovka ve Yasinovataya b\u00f6lgelerinde bombalad\u0131\u011f\u0131n\u0131 duyurdu.<\/p>\n<p>Novosti haber ajans\u0131, Ukrayna&#8217;n\u0131n i\u015fledi\u011fi sava\u015f su\u00e7lar\u0131 kay\u0131t merkezlerindeki Donetsk Cumhuriyeti temsilcisinin yapt\u0131\u011f\u0131 a\u00e7\u0131klamada: &#8220;Ukrayna g\u00fc\u00e7leri Novgorodskoye ve Bantey Limonovka k\u00f6ylerini 6 mermi ile ve Yasenovataya kasabas\u0131n\u0131 155 milimetrelik 7 mermi ile bombalad\u0131&#8221; ifadelerini aktard\u0131.<\/p>\n<p>R.M<\/p>\n<p><a href=\"https:\/\/t.me\/SuriyeArapHaberAjansI\">Telgram Kanal\u0131m\u0131z\u00a0<\/a><\/p>\n<p><a href=\"https:\/\/www.facebook.com\/SANAHaberAjansi\/\">Facebook Sayfam\u0131z<\/a><\/p>\n","protected":false},"excerpt":{"rendered":"<p>DONETSK &#8211; Donetsk Cumhuriyeti yetkilileri, bug\u00fcn Kiev rejimi g\u00fc\u00e7lerinin Cumhuriyet topraklar\u0131n\u0131 Bantey-Limonovka ve Yasinovataya b\u00f6lgelerinde bombalad\u0131\u011f\u0131n\u0131 duyurdu. Novosti haber ajans\u0131, Ukrayna&#8217;n\u0131n i\u015fledi\u011fi sava\u015f su\u00e7lar\u0131 kay\u0131t merkezlerindeki Donetsk Cumhuriyeti temsilcisinin yapt\u0131\u011f\u0131 a\u00e7\u0131klamada: &#8220;Ukrayna g\u00fc\u00e7leri Novgorodskoye ve Bantey Limonovka k\u00f6ylerini 6 mermi ile ve Yasenovataya kasabas\u0131n\u0131 155 milimetrelik 7 mermi ile bombalad\u0131&#8221; ifadelerini aktard\u0131. R.M Telgram Kanal\u0131m\u0131z\u00a0 &hellip;<\/p>\n","protected":false},"author":41,"featured_media":270237,"comment_status":"closed","ping_status":"closed","sticky":false,"template":"","format":"standard","meta":{"footnotes":""},"categories":[458,459,17988],"tags":[],"class_list":["post-270236","post","type-post","status-publish","format-standard","has-post-thumbnail","","category-dunya1","category-haberler-arap-uluslararasi-politika","category-son-haberler"],"_links":{"self":[{"href":"https:\/\/archive.sana.sy\/tr\/index.php?rest_route=\/wp\/v2\/posts\/270236","targetHints":{"allow":["GET"]}}],"collection":[{"href":"https:\/\/archive.sana.sy\/tr\/index.php?rest_route=\/wp\/v2\/posts"}],"about":[{"href":"https:\/\/archive.sana.sy\/tr\/index.php?rest_route=\/wp\/v2\/types\/post"}],"author":[{"embeddable":true,"href":"https:\/\/archive.sana.sy\/tr\/index.php?rest_route=\/wp\/v2\/users\/41"}],"replies":[{"embeddable":true,"href":"https:\/\/archive.sana.sy\/tr\/index.php?rest_route=%2Fwp%2Fv2%2Fcomments&post=270236"}],"version-history":[{"count":0,"href":"https:\/\/archive.sana.sy\/tr\/index.php?rest_route=\/wp\/v2\/posts\/270236\/revisions"}],"wp:featuredmedia":[{"embeddable":true,"href":"https:\/\/archive.sana.sy\/tr\/index.php?rest_route=\/wp\/v2\/media\/270237"}],"wp:attachment":[{"href":"https:\/\/archive.sana.sy\/tr\/index.php?rest_route=%2Fwp%2Fv2%2Fmedia&parent=270236"}],"wp:term":[{"taxonomy":"category","embeddable":true,"href":"https:\/\/archive.sana.sy\/tr\/index.php?rest_route=%2Fwp%2Fv2%2Fcategories&post=270236"},{"taxonomy":"post_tag","embeddable":true,"href":"https:\/\/archive.sana.sy\/tr\/index.php?rest_route=%2Fwp%2Fv2%2Ftags&post=270236"}],"curies":[{"name":"wp","href":"https:\/\/api.w.org\/{rel}","templated":true}]}}