{"id":270266,"date":"2022-12-31T18:39:57","date_gmt":"2022-12-31T16:39:57","guid":{"rendered":"https:\/\/sana.sy\/tr\/?p=270266"},"modified":"2022-12-31T18:46:32","modified_gmt":"2022-12-31T16:46:32","slug":"270266","status":"publish","type":"post","link":"https:\/\/archive.sana.sy\/tr\/?p=270266","title":{"rendered":"Cumhurba\u015fkan\u0131 Esad&#8217;\u0131n 2022 G\u00f6r\u00fc\u015fmeleri, Faaliyetleri, Telgraflar\u0131 ve Ziyaretlerinin Panoramas\u0131"},"content":{"rendered":"<p><span style=\"color: #800000;\">\u015eAM<\/span> &#8211; Suriye Arap Haber Ajans\u0131 SANA, 2022 y\u0131l\u0131nda Cumhurba\u015fkan\u0131 Be\u015f\u015far Esad&#8217;\u0131n g\u00f6r\u00fc\u015fmeleri, faaliyetleri, telgraflar\u0131 ve ziyaretlerinin panoramas\u0131n\u0131 yay\u0131nl\u0131yor.<\/p>\n<p><span style=\"color: #800000;\">Cumhurba\u015fkan\u0131 Esad&#8217;\u0131n G\u00f6r\u00fc\u015fmeleri<\/span><\/p>\n<p>12-1-2022 Cumhurba\u015fkan\u0131 Esad, \u0130ran taraf\u0131ndan Karayollar\u0131 ve \u015eehirler \u0130n\u015faat Bakan\u0131, Suriye-\u0130ran Ortak Ekonomi Komitesi Ba\u015fkan\u0131 R\u00fcstem Kasimi ve beraberindeki heyeti kabul etti. G\u00f6r\u00fc\u015fmede \u00f6zellikle ekonomik d\u00fczeyde Suriye ile ikili ili\u015fkiler ele al\u0131nd\u0131.<\/p>\n<p>20-01-2022 Cumhurba\u015fkan\u0131 Esad, Rusya Devlet Ba\u015fkan\u0131 Vladimir Putin&#8217;in \u00f6zel temsilcisi Aleksander Lavrentiev ve beraberindeki heyeti kabul etti.G\u00f6r\u00fc\u015fmede b\u00f6lgesel ve uluslararas\u0131 arenadaki son geli\u015fmeler ile ortak siyasi konular\u0131 ele ald\u0131lar. 31-1-2022 Cumhurba\u015fkan\u0131 Esad, Umman Sultanl\u0131\u011f\u0131 D\u0131\u015fi\u015fleri Bakan\u0131 Badr bin Hamad al Busaidi ve beraberindeki heyeti kabul etti.G\u00f6r\u00fc\u015fmede, Suriye ile Umman aras\u0131ndaki se\u00e7kin ili\u015fkiler ve iki karde\u015f \u00fclke aras\u0131nda ikili i\u015fbirli\u011fi alanlar\u0131 ele al\u0131nd\u0131.<\/p>\n<p>15-2-2022 Cumhurba\u015fkan\u0131 Esad, \u00fcst d\u00fczey bir askeri heyetin ba\u015f\u0131nda Suriye&#8217;yi ziyaret eden Rusya Savunma Bakan\u0131 Sergei Shoigu ile g\u00f6r\u00fc\u015ft\u00fc; Bakan \u015eoygu&#8217;nun, Tartus liman\u0131ndan ba\u015flayarak Rus askeri filosu taraf\u0131ndan y\u00fcr\u00fct\u00fclen deniz tatbikatlar\u0131n\u0131n ilerleyi\u015fi hakk\u0131nda Ba\u015fkan El Esad&#8217;a bilgi verdi\u011fi ve g\u00f6r\u00fc\u015fmede, \u00f6zellikle ter\u00f6rizm sava\u015f\u0131 konusunda Rus ve Suriye ordular\u0131 aras\u0131ndaki mevcut i\u015fbirli\u011fi ele al\u0131nd\u0131.<\/p>\n<p>1-3-2022 Cumhurba\u015fkan\u0131 Esad, \u0130ran D\u0131\u015fi\u015fleri Bakan\u0131 K\u0131demli Yard\u0131mc\u0131s\u0131 Ali Asgar Haci ve beraberindeki heyeti kabul etti. G\u00f6r\u00fc\u015fmede, Suriye ile \u0130ran aras\u0131ndaki ikili ili\u015fkiler ve her iki taraf kurumlar\u0131n\u0131n iyile\u015ftirme \u00e7abalar\u0131 ele al\u0131nd\u0131.<br \/>\n2-3-2022 Cumhurba\u015fkan\u0131 Esad, Irak&#8217;taki Halk Seferberlik G\u00fc\u00e7leri ba\u015fkan\u0131 Faleh al Fayyad&#8217;\u0131 kabul etti ve onunla iki \u00fclke aras\u0131ndaki i\u015fbirli\u011fi alanlar\u0131n\u0131 g\u00f6r\u00fc\u015ft\u00fc.<\/p>\n<p>17-3-2022 Cumhurba\u015fkan\u0131 el-Esad, Suriye&#8217;nin t\u00fcm illerinden gelen yirmi y\u0131l\u0131 a\u015fk\u0131n bir s\u00fcredir verme kariyeri olan \u00f6\u011fretmenlerle ve se\u00e7kin proaktif \u00f6\u011fretmenlerle, k\u0131demli dan\u0131\u015fmanlarla, m\u00fcfredat yazma ve geli\u015ftirme konusunda k\u0131dem ve emekle ve e\u011fitim sekt\u00f6r\u00fcnde bir grup bilimsel ve idari kadro ile bir araya geldi.<\/p>\n<p>18-3-2022 Cumhurba\u015fkan\u0131 Esad, Birle\u015fik Arap Emirlikleri&#8217;ni ziyaret etti ve BAE Ba\u015fkan Yard\u0131mc\u0131s\u0131 ve Ba\u015fbakan\u0131 ve Dubai Hakimi Majesteleri \u015eeyh Muhammed bin Ra\u015fid Al Maktoum ile g\u00f6r\u00fc\u015ft\u00fc.<\/p>\n<p>18-3-2022 Cumhurba\u015fkan\u0131 Esad, Abu Dabi Veliaht Prensi ve Silahl\u0131 Kuvvetler Y\u00fcksek Komutan Yard\u0131mc\u0131s\u0131 Majesteleri \u015eeyh Muhammed bin Zayed Al Nahyan ve Esad&#8217;\u0131 Al \u015eati Saray\u0131&#8217;nda kabul eden \u015eeyh Muhammed bin Zayed ile g\u00f6r\u00fc\u015ft\u00fc , bu ziyaretin \u00e7e\u015fitli konularda iki \u00fclke aras\u0131ndaki isti\u015fare ve koordinasyon Karde\u015fli\u011fi s\u00fcrd\u00fcrme ortak kayg\u0131s\u0131 \u00e7er\u00e7evesinde ger\u00e7ekle\u015fti\u011fini de\u011ferlendirdi.<\/p>\n<p>20-3-2022 Cumhurba\u015fkan\u0131 Esad, Suriye&#8217;deki son uluslararas\u0131 kilise konferans\u0131na kat\u0131lan insani, sosyal ve kalk\u0131nma dernekleri ve kurumlar\u0131n\u0131n temsilcileriyle bir araya gelerek b\u00f6lgenin dokusunu ve \u00e7e\u015fitli kimli\u011fini koruman\u0131n savunmam\u0131z gereken bir gereklilik oldu\u011funu vurgulad\u0131.<\/p>\n<p>23.03.2022 Cumhurba\u015fkan\u0131 Esad, \u0130ran D\u0131\u015fi\u015fleri Bakan\u0131 H\u00fcseyin Emir Abd\u00fcllehyan ve beraberindeki heyeti kabul etti. G\u00f6r\u00fc\u015fmede \u00f6zellikle ekonomik ve ticari alanda ikili anla\u015fmalar olmak \u00fczere iki \u00fclke aras\u0131ndaki mevcut i\u015fbirli\u011fi dosyalar\u0131 ve iki taraf\u0131n uygulamay\u0131 takip etme \u00e7abalar\u0131 ele al\u0131nd\u0131.<\/p>\n<p>11-4-2022 Cumhurba\u015fkan\u0131 Esad, m\u00fcbarek Ramazan ay\u0131 m\u00fcnasebetiyle \u015eam&#8217;da \u00fcst d\u00fczey \u0130slam alimlerinden olu\u015fan bir heyeti Evkaf Bakan\u0131 Dr. Muhammed Abdulsettar el Seyyid&#8217;in de kat\u0131l\u0131m\u0131yla kabul etti. Din kurumunun rol\u00fc ve kimileri taraf\u0131ndan bazen inanca ayk\u0131r\u0131 imalarla ileri s\u00fcr\u00fclen kavram ve terminoloji ve din bilginlerinin terminolojiyi dinin \u00f6z\u00fcne ve ama\u00e7lar\u0131na uygun bir \u015fekilde benimsemelerinin \u00f6nemi \u00fczerinde yo\u011funla\u015ft\u0131.<\/p>\n<p>8-5-2022 \u0130ran \u0130slam Devrimi Rehberi Ayetullah Seyyid Ali Hamaney ve \u0130ran \u0130slam Cumhuriyeti Devlet Ba\u015fkan\u0131 \u0130brahim Reisi ile bir araya gelen Cumhurba\u015fkan\u0131 Esad, \u0130ran&#8217;\u0131n ba\u015fkenti Tahran&#8217;a \u00e7al\u0131\u015fma ziyaretinde bulundu. G\u00f6r\u00fc\u015fmelerde, ortak ilgi alanlar\u0131na, b\u00f6lgesel ve uluslararas\u0131 arenalardaki son geli\u015fmelere ek olarak, b\u00f6lgenin meseleleri, sorunlar\u0131 ve kar\u015f\u0131 kar\u015f\u0131ya oldu\u011fu zorluklarla ilgili uzun bir ikili i\u015fbirli\u011fi ve ortak anlay\u0131\u015fa dayanan Suriye ile \u0130ran aras\u0131ndaki tarihi ili\u015fkiler ele al\u0131nd\u0131.<\/p>\n<p>9-5-2022 Cumhurba\u015fkan\u0131 Esad, Uluslararas\u0131 K\u0131z\u0131lha\u00e7 Komitesi Ba\u015fkan\u0131 Peter Maurer ile insani yard\u0131m ve hizmet sekt\u00f6rlerinde Suriyelilerin ihtiya\u00e7lar\u0131n\u0131 kar\u015f\u0131lamak i\u00e7in, komitenin Suriye&#8217;deki \u00e7al\u0131\u015fmalar\u0131n\u0131 ve ihtiya\u00e7lar\u0131 kar\u015f\u0131lamak i\u00e7in insani m\u00fcdahaleler konusunda komite ile Suriye h\u00fck\u00fcmeti aras\u0131ndaki mevcut i\u015fbirli\u011fini g\u00f6r\u00fc\u015ft\u00fc.<\/p>\n<p>17-5-2022 Cumhurba\u015fkan\u0131 Esad, Moritanya Parlamentosu Moritanya-Suriye Dostluk Komitesi ba\u015fkan\u0131 Al Mustafa Suhaib ba\u015fkanl\u0131\u011f\u0131ndaki bir meclis heyetini kabul etti. Arap arenas\u0131ndaki durumu ve kimliklerini koruyarak ve ba\u011fl\u0131 kalarak bu b\u00f6lgenin istikrar\u0131n\u0131 sa\u011flayacak olan halklar\u0131n Moritanya&#8217;daki temel rol\u00fcn\u00fc tart\u0131\u015ft\u0131lar.<\/p>\n<p>24.05.2022 Cumhurba\u015fkan\u0131 Esad, Kilikya B\u00fcy\u00fck Evi&#8217;ndeki Ermeni Kilisesi&#8217;nin papaz\u0131 Katolikos Aram I Ke\u015fi\u015fyan ve beraberindeki heyeti kabul etti.<\/p>\n<p>16-5-2022 Cumhurba\u015fkan\u0131 Esad, Diaspora-Avrupa&#8217;daki Filistin Topluluklar\u0131, Aktivistleri ve Kurumlar\u0131 Birli\u011fi Genel Sekreterli\u011fi \u00fcyeleriyle bir araya geldi. Toplant\u0131da Cumhurba\u015fkan\u0131 Esad, Filistin davas\u0131n\u0131n bug\u00fcn ve g\u00fc\u00e7l\u00fc bir \u015fekilde var oldu\u011funu vurgulad\u0131.<\/p>\n<p>16-6-2022 Cumhurba\u015fkan\u0131 Esad, Rusya Federasyonu ve Donetsk Halk Cumhuriyeti&#8217;nden, Suriye-Rusya Parlamento Dostluk Komitesi Rus taraf\u0131 ba\u015fkan\u0131 Temsilci Dmitry Sablin ve Donetsk D\u0131\u015fi\u015fleri Bakan\u0131 Natalia Nikonorova ba\u015fkanl\u0131\u011f\u0131ndaki ortak bir heyeti kabul etti. Heyet, Ba\u015fkan Esad&#8217;a Donbass b\u00f6lgesindeki durum ve Rusya&#8217;n\u0131n askeri operasyonundaki son geli\u015fmeler hakk\u0131nda bilgi verdi. 2-7-2022 Cumhurba\u015fkan\u0131 Esad, \u0130ran D\u0131\u015fi\u015fleri Bakan\u0131 H\u00fcseyin Emir Abd\u00fcllehyan&#8217;\u0131 kabul etti ve g\u00f6r\u00fc\u015fmede ikili ili\u015fkiler ve Suriye ile \u0130ran aras\u0131ndaki yak\u0131n i\u015fbirli\u011fi ele al\u0131nd\u0131.<\/p>\n<p>20-7-2022Paraguay Cumhuriyeti Senato Ba\u015fkan\u0131 Oscar Ruben Fernandez ve beraberindeki heyeti kabul eden Cumhurba\u015fkan\u0131 Esad, g\u00f6r\u00fc\u015fmede Suriye&#8217;deki ekonomik ve ticari faaliyetler ve Paraguay halk\u0131n\u0131n \u00e7\u0131kar\u0131na olacak \u015fekilde aras\u0131ndaki ileti\u015fimin yo\u011funla\u015ft\u0131r\u0131lmas\u0131 gerekti\u011fini vurgulad\u0131.<\/p>\n<p>25.07.2022 Cumhurba\u015fkan\u0131 Esad, Cezayir D\u0131\u015fi\u015fleri Bakan\u0131 Ramtane Lamamra ile Suriye ile Cezayir aras\u0131ndaki karde\u015f\u00e7e ili\u015fkilerin, iki karde\u015f halk\u0131 ve \u00fclkeyi bir araya getiren ortak ilke ve de\u011ferlere ve tarihe dayal\u0131 olarak g\u00fc\u00e7lendirilmesini g\u00f6r\u00fc\u015ft\u00fc.<\/p>\n<p>28-7-2022 \u015eam&#8217;da d\u00fczenlenen Arap ayd\u0131n ve yazarlar toplant\u0131s\u0131na kat\u0131lanlar\u0131 kabul eden Cumhurba\u015fkan\u0131 Esad, Arap b\u00f6lgesinin kar\u015f\u0131 kar\u015f\u0131ya kalabilece\u011fi en tehlikeli \u015feyin kimlik kayb\u0131 oldu\u011funu vurgulad\u0131.<\/p>\n<p>19-9-2022 Cumhurba\u015fkan\u0131 Esad, D\u00fcnya Sa\u011fl\u0131k \u00d6rg\u00fct\u00fc Do\u011fu Akdeniz B\u00f6lgesi Direkt\u00f6r\u00fc Dr. Ahmed Al Mandhari ile \u00f6rg\u00fct ve Suriye&#8217;deki sa\u011fl\u0131k sekt\u00f6r\u00fc kurumlar\u0131 aras\u0131ndaki aktif i\u015fbirli\u011fini g\u00f6r\u00fc\u015ft\u00fc.<\/p>\n<p>6-10-2022 Cumhurba\u015fkan\u0131 Esad, Suriye-\u0130ran ortak komitesinde \u0130ran taraf\u0131n\u0131n ba\u015fkan\u0131 \u0130ran \u0130slam Cumhuriyeti Yol ve \u015eehirler \u0130n\u015faat Bakan\u0131 R\u00fcstem Kasimi ile bir araya geldi\u011fi g\u00f6r\u00fc\u015fmede Suriye ile \u0130ran aras\u0131ndaki ekonomik ili\u015fkileri ele ald\u0131lar.<\/p>\n<p>19-10-2022 Cumhurba\u015fkan\u0131 Esad, Filistin liderlik heyetini kabul etti ve toplant\u0131, Cezayir&#8217;deki Filistinli gruplar aras\u0131ndaki uzla\u015fma diyaloglar\u0131n\u0131n sonu\u00e7lar\u0131n\u0131 ele ald\u0131.<\/p>\n<p>20-10- 2022 Cumhurba\u015fkan\u0131 Esad, m\u00fcltecilerin ve yerinden edilmi\u015f ki\u015filerin d\u00f6n\u00fc\u015f\u00fcne ili\u015fkin uluslararas\u0131 konferans\u0131 takip etmek \u00fczere be\u015finci ortak Suriye-Rusya toplant\u0131s\u0131na kat\u0131lan heyet \u00fcyelerini, her iki \u00fclkedeki b\u00fcy\u00fckel\u00e7ileri ve yetkilileri kabul etti.<\/p>\n<p>21-11-2022 Cumhurba\u015fkan\u0131 Esad, Suriyeli \u00d6\u011frenciler Ulusal Birli\u011fi taraf\u0131ndan ba\u015flat\u0131lan gen\u00e7lik diyalo\u011fu oturumlar\u0131na kat\u0131lan Suriyeli \u00fcniversite \u00f6\u011frencilerinden y\u00fcz \u00f6\u011frenci ile bir araya geldi. Suriyeli gen\u00e7lerin rol\u00fcn\u00fc, kamu i\u015flerine ve toplum in\u015fas\u0131na kat\u0131l\u0131mlar\u0131n\u0131 harekete ge\u00e7irmek amac\u0131yla Cumhurba\u015fkan\u0131 Esad, toplant\u0131da gen\u00e7lik giri\u015fimlerinin \u00f6neminin onlar\u0131 uygulanabilir programlara d\u00f6n\u00fc\u015ft\u00fcrmekte yatt\u0131\u011f\u0131n\u0131 vurgulad\u0131.<\/p>\n<p>Devam\u0131 Gelecek&#8230;<\/p>\n","protected":false},"excerpt":{"rendered":"<p>\u015eAM &#8211; Suriye Arap Haber Ajans\u0131 SANA, 2022 y\u0131l\u0131nda Cumhurba\u015fkan\u0131 Be\u015f\u015far Esad&#8217;\u0131n g\u00f6r\u00fc\u015fmeleri, faaliyetleri, telgraflar\u0131 ve ziyaretlerinin panoramas\u0131n\u0131 yay\u0131nl\u0131yor. Cumhurba\u015fkan\u0131 Esad&#8217;\u0131n G\u00f6r\u00fc\u015fmeleri 12-1-2022 Cumhurba\u015fkan\u0131 Esad, \u0130ran taraf\u0131ndan Karayollar\u0131 ve \u015eehirler \u0130n\u015faat Bakan\u0131, Suriye-\u0130ran Ortak Ekonomi Komitesi Ba\u015fkan\u0131 R\u00fcstem Kasimi ve beraberindeki heyeti kabul etti. G\u00f6r\u00fc\u015fmede \u00f6zellikle ekonomik d\u00fczeyde Suriye ile ikili ili\u015fkiler ele al\u0131nd\u0131. 20-01-2022 &hellip;<\/p>\n","protected":false},"author":1,"featured_media":0,"comment_status":"closed","ping_status":"closed","sticky":false,"template":"","format":"standard","meta":{"footnotes":""},"categories":[1],"tags":[],"class_list":["post-270266","post","type-post","status-publish","format-standard","","category-news-not-sorted"],"_links":{"self":[{"href":"https:\/\/archive.sana.sy\/tr\/index.php?rest_route=\/wp\/v2\/posts\/270266","targetHints":{"allow":["GET"]}}],"collection":[{"href":"https:\/\/archive.sana.sy\/tr\/index.php?rest_route=\/wp\/v2\/posts"}],"about":[{"href":"https:\/\/archive.sana.sy\/tr\/index.php?rest_route=\/wp\/v2\/types\/post"}],"author":[{"embeddable":true,"href":"https:\/\/archive.sana.sy\/tr\/index.php?rest_route=\/wp\/v2\/users\/1"}],"replies":[{"embeddable":true,"href":"https:\/\/archive.sana.sy\/tr\/index.php?rest_route=%2Fwp%2Fv2%2Fcomments&post=270266"}],"version-history":[{"count":0,"href":"https:\/\/archive.sana.sy\/tr\/index.php?rest_route=\/wp\/v2\/posts\/270266\/revisions"}],"wp:attachment":[{"href":"https:\/\/archive.sana.sy\/tr\/index.php?rest_route=%2Fwp%2Fv2%2Fmedia&parent=270266"}],"wp:term":[{"taxonomy":"category","embeddable":true,"href":"https:\/\/archive.sana.sy\/tr\/index.php?rest_route=%2Fwp%2Fv2%2Fcategories&post=270266"},{"taxonomy":"post_tag","embeddable":true,"href":"https:\/\/archive.sana.sy\/tr\/index.php?rest_route=%2Fwp%2Fv2%2Ftags&post=270266"}],"curies":[{"name":"wp","href":"https:\/\/api.w.org\/{rel}","templated":true}]}}