{"id":27027,"date":"2015-03-20T13:21:00","date_gmt":"2015-03-20T11:21:00","guid":{"rendered":"http:\/\/www.sana.sy\/tr\/?p=27027"},"modified":"2015-03-20T13:21:00","modified_gmt":"2015-03-20T11:21:00","slug":"homs-kirsalinda-sivil-ve-yerel-cabalarla-hastane-insaati-temeli-atildi","status":"publish","type":"post","link":"https:\/\/archive.sana.sy\/tr\/?p=27027","title":{"rendered":"Homs K\u0131rsal\u0131nda Sivil ve Yerel \u00c7abalarla Hastane \u0130n\u015faat\u0131 Temeli At\u0131ld\u0131"},"content":{"rendered":"<p>HOMS \u2013 Homs K\u0131rsal\u0131n\u0131n do\u011fu kesiminde yerel ve sivil \u015fahsiyetlerin \u00e7abalar\u0131yla ve b\u00f6lge halk\u0131na t\u0131bbi hizmet sunmak amac\u0131yla el \u015euayriyet K\u00f6y\u00fcnde in\u015fa edilecek hastanenin temeli kitlesel bir t\u00f6renle at\u0131ld\u0131.<\/p>\n<p><a href=\"http:\/\/www.sana.sy\/tr\/wp-content\/uploads\/2015\/03\/homs-2.jpg\"><img loading=\"lazy\" decoding=\"async\" class=\" size-medium wp-image-27029 alignright\" src=\"http:\/\/www.sana.sy\/tr\/wp-content\/uploads\/2015\/03\/homs-2-300x160.jpg\" alt=\"homs 2\" width=\"300\" height=\"160\" srcset=\"https:\/\/archive.sana.sy\/tr\/wp-content\/uploads\/2015\/03\/homs-2-300x160.jpg 300w, https:\/\/archive.sana.sy\/tr\/wp-content\/uploads\/2015\/03\/homs-2-150x80.jpg 150w, https:\/\/archive.sana.sy\/tr\/wp-content\/uploads\/2015\/03\/homs-2.jpg 620w\" sizes=\"auto, (max-width: 300px) 100vw, 300px\" \/><\/a>Homs Valisi Talal Berazi t\u00f6ren s\u0131ras\u0131nda gazetecilere yapt\u0131\u011f\u0131 a\u00e7\u0131klamada temel ta\u015flar\u0131 konulan hastane in\u015fatt\u0131 i\u00e7in valili\u011fin gerekli her deste\u011fi sunmaya haz\u0131r oldu\u011funu dile getirerek Homs K\u0131rsal\u0131n\u0131n do\u011fu kesiminde ge\u00e7ti\u011fimiz aylarda hizmet alan\u0131nda ciddi bir iyile\u015fme g\u00f6r\u00fcld\u00fc\u011f\u00fcn\u00fc aktard\u0131.<\/p>\n<p>\u00dclkede ya\u015fanmakta olan ko\u015fullar\u0131n g\u00f6lgesinde yerel ve sivil \u00e7abalar\u0131n ve bu \u00e7abalar\u0131n desteklenmesinin \u00f6nemine dikkat \u00e7eken Berazi; h\u00fck\u00fcmet ve halk \u00e7abalar\u0131n\u0131n birle\u015ftirilmesiyle vatanda\u015fa sunulan hizmetlerin kalitesinin daha da y\u00fckseltilebilece\u011fini belirtti.<\/p>\n<p><a href=\"http:\/\/www.sana.sy\/tr\/wp-content\/uploads\/2015\/03\/homs-3.jpg\"><img loading=\"lazy\" decoding=\"async\" class=\" size-medium wp-image-27030 alignright\" src=\"http:\/\/www.sana.sy\/tr\/wp-content\/uploads\/2015\/03\/homs-3-300x160.jpg\" alt=\"homs 3\" width=\"300\" height=\"160\" srcset=\"https:\/\/archive.sana.sy\/tr\/wp-content\/uploads\/2015\/03\/homs-3-300x160.jpg 300w, https:\/\/archive.sana.sy\/tr\/wp-content\/uploads\/2015\/03\/homs-3-150x80.jpg 150w, https:\/\/archive.sana.sy\/tr\/wp-content\/uploads\/2015\/03\/homs-3.jpg 620w\" sizes=\"auto, (max-width: 300px) 100vw, 300px\" \/><\/a>\u00d6te yandan \u015euayriyet K\u00f6y\u00fc Hay\u0131r Cemiyeti Ba\u015fkan\u0131 Muhittin Horani, Hastane in\u015faat\u0131n\u0131n bir halk giri\u015fimi oldu\u011funa i\u015faret ederek bu giri\u015fimin b\u00f6lge sakinlerini yeniden in\u015fa s\u00fcrecine kat\u0131lmaya te\u015fvik etti\u011fini belirtti.<\/p>\n<p>\u015euayriye ve \u00e7evre k\u00f6y sakinlerinden toplanan 5 milyon lirayla hastanenin temelinin at\u0131ld\u0131\u011f\u0131na de\u011finen Horani, hastanenin tamamland\u0131ktan sonra 30\u2019un \u00fczerinde k\u00f6yden 40 bin in \u00fczerinde vatanda\u015fa hizmet verece\u011fini belirtti.<\/p>\n<p>F.B. &#8211; R.H.<\/p>\n","protected":false},"excerpt":{"rendered":"<p>HOMS \u2013 Homs K\u0131rsal\u0131n\u0131n do\u011fu kesiminde yerel ve sivil \u015fahsiyetlerin \u00e7abalar\u0131yla ve b\u00f6lge halk\u0131na t\u0131bbi hizmet sunmak amac\u0131yla el \u015euayriyet K\u00f6y\u00fcnde in\u015fa edilecek hastanenin temeli kitlesel bir t\u00f6renle at\u0131ld\u0131. Homs Valisi Talal Berazi t\u00f6ren s\u0131ras\u0131nda gazetecilere yapt\u0131\u011f\u0131 a\u00e7\u0131klamada temel ta\u015flar\u0131 konulan hastane in\u015fatt\u0131 i\u00e7in valili\u011fin gerekli her deste\u011fi sunmaya haz\u0131r oldu\u011funu dile getirerek Homs K\u0131rsal\u0131n\u0131n &hellip;<\/p>\n","protected":false},"author":1,"featured_media":27028,"comment_status":"closed","ping_status":"closed","sticky":false,"template":"","format":"standard","meta":{"footnotes":""},"categories":[479,478],"tags":[12736],"class_list":["post-27027","post","type-post","status-publish","format-standard","has-post-thumbnail","","category-haberler-yerel","category-yerel","tag-homs-kirsalinda-sivil-ve-yerel-cabalarla-hastane-insaati-temeli-atildi-homs-homs-kirsalinin-dogu-kesiminde-yerel-ve-sivil-sahsiyetlerin-cabalariyla-ve-bolge-halkina-tibbi-hizmet-sunmak-amaci"],"_links":{"self":[{"href":"https:\/\/archive.sana.sy\/tr\/index.php?rest_route=\/wp\/v2\/posts\/27027","targetHints":{"allow":["GET"]}}],"collection":[{"href":"https:\/\/archive.sana.sy\/tr\/index.php?rest_route=\/wp\/v2\/posts"}],"about":[{"href":"https:\/\/archive.sana.sy\/tr\/index.php?rest_route=\/wp\/v2\/types\/post"}],"author":[{"embeddable":true,"href":"https:\/\/archive.sana.sy\/tr\/index.php?rest_route=\/wp\/v2\/users\/1"}],"replies":[{"embeddable":true,"href":"https:\/\/archive.sana.sy\/tr\/index.php?rest_route=%2Fwp%2Fv2%2Fcomments&post=27027"}],"version-history":[{"count":0,"href":"https:\/\/archive.sana.sy\/tr\/index.php?rest_route=\/wp\/v2\/posts\/27027\/revisions"}],"wp:featuredmedia":[{"embeddable":true,"href":"https:\/\/archive.sana.sy\/tr\/index.php?rest_route=\/wp\/v2\/media\/27028"}],"wp:attachment":[{"href":"https:\/\/archive.sana.sy\/tr\/index.php?rest_route=%2Fwp%2Fv2%2Fmedia&parent=27027"}],"wp:term":[{"taxonomy":"category","embeddable":true,"href":"https:\/\/archive.sana.sy\/tr\/index.php?rest_route=%2Fwp%2Fv2%2Fcategories&post=27027"},{"taxonomy":"post_tag","embeddable":true,"href":"https:\/\/archive.sana.sy\/tr\/index.php?rest_route=%2Fwp%2Fv2%2Ftags&post=27027"}],"curies":[{"name":"wp","href":"https:\/\/api.w.org\/{rel}","templated":true}]}}