{"id":27032,"date":"2015-03-20T14:11:52","date_gmt":"2015-03-20T12:11:52","guid":{"rendered":"http:\/\/www.sana.sy\/tr\/?p=27032"},"modified":"2015-03-21T16:07:57","modified_gmt":"2015-03-21T14:07:57","slug":"vatan-koruyucularimiz-radikal-ve-hain-teror-cetelere-yonelik-operasyonlarini-surduruyor","status":"publish","type":"post","link":"https:\/\/archive.sana.sy\/tr\/?p=27032","title":{"rendered":"Vatan Koruyucular\u0131m\u0131z Radikal ve Hain Ter\u00f6r \u00c7etelere Y\u00f6nelik Operasyonlar\u0131n\u0131 S\u00fcrd\u00fcr\u00fcyor"},"content":{"rendered":"<p>\u0130LLER \u2013 Yurdun her yerinde radikal ve vatan haini ter\u00f6r \u00e7etelere y\u00f6nelik operasyonlar\u0131n\u0131 ba\u015far\u0131yla s\u00fcrd\u00fcren ordu birliklerimiz bug\u00fcn de bir\u00e7ok b\u00f6lgede onlar\u0131 say\u0131 ve ara\u00e7lar\u0131yla a\u011f\u0131r kay\u0131plara u\u011fratt\u0131.<\/p>\n<p><span style=\"color: #0000ff\">\u0130dlib K\u0131rsal\u0131nda Ara\u00e7lar\u0131 ve Cephaneleriyle Etkisizle\u015ftirildiler<\/span><\/p>\n<p>Askeri kaynak ordu birliklerimizin \u0130dlib k\u0131rsal\u0131nda T\u00fcrkiye&#8217;deki rejimin deste\u011fi ile b\u00f6lgeye giren ve halka kar\u015f\u0131 vah\u015fetler i\u015fleyen \u00e7okuluslu radikal ter\u00f6r \u00e7eteleri a\u011f\u0131r kay\u0131plara u\u011fratmaya devam ettiklerini belirtti.<\/p>\n<p>Kaynak ordu birliklerimizin \u0130dlib k\u0131rsal\u0131n\u0131n Teftanaz, Benni\u015f, Tel el Rumman, Feylon, ve Enb b\u00f6lgelerinde karargah ve k\u00fcmelenme yerlerini muhtevalar\u0131yla imha ettiklerini aktard\u0131. Operasyonlarda aralar\u0131nda yabanc\u0131 ve saha komutanlar\u0131n\u0131n bulundu\u011fu onlarca ter\u00f6ristin \u00f6ld\u00fcr\u00fcld\u00fc\u011f\u00fcn\u00fc ifade eden kaynak; bir k\u0131sm\u0131 a\u011f\u0131r makineli silahla donat\u0131lm\u0131\u015f bir\u00e7ok ara\u00e7lar\u0131n\u0131n da ta\u015f\u0131d\u0131klar\u0131 ter\u00f6rist ve cephaneyle birlikte imha edildi\u011fini s\u00f6zlerine ekledi.<\/p>\n<p>Radikal ve hain ter\u00f6ristlerin stratejik derinli\u011fini temsil eden T\u00fcrkiye topraklar\u0131ndan y\u00fcksek say\u0131larla yabanc\u0131 ter\u00f6ristlerin toplan\u0131p oradan da muhtelif b\u00f6lgelere da\u011f\u0131ld\u0131klar\u0131 Sahl el Roj B\u00f6lgesinde ise ordu birliklerimiz; k\u00fcmelenme yerleri ve ara\u00e7lar\u0131n\u0131 muhtevalar\u0131yla imha etti.<\/p>\n<p><span style=\"color: #0000ff\">Homs K\u0131rsal\u0131nda Ba\u015far\u0131l\u0131 Operasyonlar S\u00fcr\u00fcyor<\/span><\/p>\n<p>Homs k\u0131rsal\u0131nda ter\u00f6ristlerin bulunduklar\u0131 her yerde onlar\u0131 kovalama ve karargahlar\u0131n\u0131 hedef alma operasyonlar\u0131n\u0131 s\u00fcrd\u00fcren ordu birliklerimiz halk savunma g\u00fc\u00e7leriyle i\u015fbirli\u011fi i\u00e7inde Beyt el Mukantar B\u00f6lgesinde bir ter\u00f6r grubunu t\u00fcm \u00fcyeleri ve ara\u00e7lar\u0131yla birlikte etkisizle\u015ftirdi.<\/p>\n<p>Homs k\u0131rsal\u0131n\u0131n do\u011fusunda Do\u011fu Sellam ile Sultaniye b\u00f6lgeleri aras\u0131nda hareket eden iki ter\u00f6r grubunu da yine t\u00fcm \u00fcyeleri ve te\u00e7hizatlar\u0131yla etkisizle\u015ftiren ordu birliklerimiz; Cub Cerrah ve Unk el Hava m\u0131nt\u0131kalar\u0131nda bir\u00e7ok ter\u00f6rist \u00f6l\u00fc yaral\u0131 ele ge\u00e7irildi.<\/p>\n<p>Bu arada Homs k\u0131rsal\u0131n\u0131n do\u011fusundan Hama k\u0131rsal\u0131n\u0131n Selemiye B\u00f6lgesine kadar uzanan b\u00f6lgelerde geneli Kaide \u00d6rg\u00fct\u00fcn\u00fcn Suriye kolu olan Nusra Cephesine tabi olan muhtelif adland\u0131rmalar alt\u0131nda bir\u00e7ok ter\u00f6r olu\u015fumu yay\u0131l\u0131yor. Ba\u015fta Suudi Arabistan ve T\u00fcrkiye&#8217;deki rejim taraf\u0131ndan maddi ve lojistik destek alan bu ter\u00f6r \u00e7eteleri patronlar\u0131n\u0131n y\u00f6nlendirmeleri dahilinde b\u00f6lgede masum halk saflar\u0131nda katliamlarda bulunma ve hizmet altyap\u0131s\u0131n\u0131 sabote etme eylemleri d\u00fczenliyor.<\/p>\n<p>Ordu birliklerimiz badiye (\u00e7\u00f6l) b\u00f6lgesindeki petrol kuyular\u0131na ge\u00e7it olarak kulland\u0131klar\u0131 Homs k\u0131rsal\u0131n\u0131n Rhum B\u00f6lgesinde ise I\u015e\u0130D \u00e7etelerinden \u00e7ok say\u0131da az\u0131l\u0131 ter\u00f6risti su\u00e7 edatlar\u0131yla birlikte etkisizle\u015ftirdi.<\/p>\n<p>A.A. &#8211; R.H.<\/p>\n","protected":false},"excerpt":{"rendered":"<p>\u0130LLER \u2013 Yurdun her yerinde radikal ve vatan haini ter\u00f6r \u00e7etelere y\u00f6nelik operasyonlar\u0131n\u0131 ba\u015far\u0131yla s\u00fcrd\u00fcren ordu birliklerimiz bug\u00fcn de bir\u00e7ok b\u00f6lgede onlar\u0131 say\u0131 ve ara\u00e7lar\u0131yla a\u011f\u0131r kay\u0131plara u\u011fratt\u0131. \u0130dlib K\u0131rsal\u0131nda Ara\u00e7lar\u0131 ve Cephaneleriyle Etkisizle\u015ftirildiler Askeri kaynak ordu birliklerimizin \u0130dlib k\u0131rsal\u0131nda T\u00fcrkiye&#8217;deki rejimin deste\u011fi ile b\u00f6lgeye giren ve halka kar\u015f\u0131 vah\u015fetler i\u015fleyen \u00e7okuluslu radikal ter\u00f6r \u00e7eteleri &hellip;<\/p>\n","protected":false},"author":1,"featured_media":27033,"comment_status":"closed","ping_status":"closed","sticky":false,"template":"","format":"standard","meta":{"footnotes":""},"categories":[575],"tags":[12737],"class_list":["post-27032","post","type-post","status-publish","format-standard","has-post-thumbnail","","category-olaylar-ve-gercekler","tag-vatan-koruyucularimiz-radikal-ve-hain-teror-cetelere-yonelik-operasyonlarini-surduruyor-iller-yurdun-her-yerinde-radikal-ve-vatan-haini-teror-cetelere-yonelik-operasyonlarini-basariyla-surdu"],"_links":{"self":[{"href":"https:\/\/archive.sana.sy\/tr\/index.php?rest_route=\/wp\/v2\/posts\/27032","targetHints":{"allow":["GET"]}}],"collection":[{"href":"https:\/\/archive.sana.sy\/tr\/index.php?rest_route=\/wp\/v2\/posts"}],"about":[{"href":"https:\/\/archive.sana.sy\/tr\/index.php?rest_route=\/wp\/v2\/types\/post"}],"author":[{"embeddable":true,"href":"https:\/\/archive.sana.sy\/tr\/index.php?rest_route=\/wp\/v2\/users\/1"}],"replies":[{"embeddable":true,"href":"https:\/\/archive.sana.sy\/tr\/index.php?rest_route=%2Fwp%2Fv2%2Fcomments&post=27032"}],"version-history":[{"count":0,"href":"https:\/\/archive.sana.sy\/tr\/index.php?rest_route=\/wp\/v2\/posts\/27032\/revisions"}],"wp:featuredmedia":[{"embeddable":true,"href":"https:\/\/archive.sana.sy\/tr\/index.php?rest_route=\/wp\/v2\/media\/27033"}],"wp:attachment":[{"href":"https:\/\/archive.sana.sy\/tr\/index.php?rest_route=%2Fwp%2Fv2%2Fmedia&parent=27032"}],"wp:term":[{"taxonomy":"category","embeddable":true,"href":"https:\/\/archive.sana.sy\/tr\/index.php?rest_route=%2Fwp%2Fv2%2Fcategories&post=27032"},{"taxonomy":"post_tag","embeddable":true,"href":"https:\/\/archive.sana.sy\/tr\/index.php?rest_route=%2Fwp%2Fv2%2Ftags&post=27032"}],"curies":[{"name":"wp","href":"https:\/\/api.w.org\/{rel}","templated":true}]}}