{"id":27035,"date":"2015-03-20T14:21:03","date_gmt":"2015-03-20T12:21:03","guid":{"rendered":"http:\/\/www.sana.sy\/tr\/?p=27035"},"modified":"2015-03-20T14:21:03","modified_gmt":"2015-03-20T12:21:03","slug":"sehit-anneleri-metanet-ve-dik-duruslariyla-buyuk-zaferi-mujdeliyorlar","status":"publish","type":"post","link":"https:\/\/archive.sana.sy\/tr\/?p=27035","title":{"rendered":"\u015eehit Anneleri Metanet ve Dik Duru\u015flar\u0131yla B\u00fcy\u00fck Zaferi M\u00fcjdeliyorlar"},"content":{"rendered":"<p>HOMS \u2013 Suriyeli anneler bir anneler g\u00fcn\u00fcn\u00fc daha karalara b\u00fcr\u00fcnerek vatan\u0131n onuru ve ba\u011f\u0131ms\u0131zl\u0131\u011f\u0131 u\u011fruna \u015fehit d\u00fc\u015fen evlatlar\u0131na tuttuklar\u0131 yas\u0131n g\u00f6lgesinde kutluyorlar.<\/p>\n<p>Karalar i\u00e7inde ve yasl\u0131 olsalar da gelecek g\u00fczel g\u00fcnlerin umudu ve evlatlar\u0131yla ya\u015fad\u0131klar\u0131 g\u00fczel an\u0131lar\u0131 ya\u015fatman\u0131 gururu ve onurun ya\u015fayan \u015fehit anneleri metanet ve dik duru\u015flar\u0131yla, annesinden ve vatan\u0131ndan uzak ya\u015fayan b\u00fct\u00fcn insanlar\u0131 annelerinin kuca\u011f\u0131na kavu\u015fturacak b\u00fcy\u00fck zaferi m\u00fcjdelediler.<\/p>\n<p>Kendine \u015fehit evlad\u0131 i\u00e7in bir damla g\u00f6z ya\u015f\u0131 d\u00f6kmeme ahdi veren Sakine Assaf, \u201cBenim o\u011flum \u00e7ok say\u0131da vatan evlad\u0131 gibi as\u0131l anas\u0131 olan Suriye i\u00e7in can\u0131n\u0131 feda etti. \u015eehitlik kutsal bir de\u011ferdir. O\u011flum onursuz bir vatanda onurlu bir \u015fekilde ya\u015fanmayaca\u011f\u0131n\u0131 biliyordu. Bu nedenle bir\u00e7ok arkada\u015f\u0131 gibi kendini vatan topraklar\u0131 ve onurunun \u00f6n\u00fcnde siper ederek can verdi. \u015eehit evlad\u0131m i\u00e7in h\u00fcz\u00fcnlenmeyece\u011fim. \u015eehit evlad\u0131m ve b\u00fct\u00fcn \u015fehitlerimizle gurur duyuyorum\u2026\u201d dedi.<\/p>\n<p>Ac\u0131s\u0131n\u0131 ve h\u00fczn\u00fcn\u00fc g\u00f6zlerinin en derinlerinde gizlemeye \u00e7al\u0131\u015fan Necud \u0130smail de, \u201cVatana vefa ve ba\u011fl\u0131l\u0131k duygular\u0131yla besledi\u011fim evlad\u0131m\u0131 ayn\u0131 vatana kar\u015f\u0131 kendini feda etmekten geri alamazd\u0131m. Evlad\u0131ma vatan\u0131n\u0131 sevmeyi \u00f6\u011frettim o da kendini sevdi\u011fi vatan\u0131na adad\u0131. \u015eeklinde konu\u015ftu.<\/p>\n<p>F.B. &#8211; R.H.<\/p>\n","protected":false},"excerpt":{"rendered":"<p>HOMS \u2013 Suriyeli anneler bir anneler g\u00fcn\u00fcn\u00fc daha karalara b\u00fcr\u00fcnerek vatan\u0131n onuru ve ba\u011f\u0131ms\u0131zl\u0131\u011f\u0131 u\u011fruna \u015fehit d\u00fc\u015fen evlatlar\u0131na tuttuklar\u0131 yas\u0131n g\u00f6lgesinde kutluyorlar. Karalar i\u00e7inde ve yasl\u0131 olsalar da gelecek g\u00fczel g\u00fcnlerin umudu ve evlatlar\u0131yla ya\u015fad\u0131klar\u0131 g\u00fczel an\u0131lar\u0131 ya\u015fatman\u0131 gururu ve onurun ya\u015fayan \u015fehit anneleri metanet ve dik duru\u015flar\u0131yla, annesinden ve vatan\u0131ndan uzak ya\u015fayan b\u00fct\u00fcn insanlar\u0131 &hellip;<\/p>\n","protected":false},"author":1,"featured_media":27036,"comment_status":"closed","ping_status":"closed","sticky":false,"template":"","format":"standard","meta":{"footnotes":""},"categories":[479,478],"tags":[12738],"class_list":["post-27035","post","type-post","status-publish","format-standard","has-post-thumbnail","","category-haberler-yerel","category-yerel","tag-sehit-anneleri-metanet-ve-dik-duruslariyla-buyuk-zaferi-mujdeliyorlar-homs-suriyeli-anneler-bir-anneler-gununu-daha-karalara-burunerek-vatanin-onuru-ve-bagimsizligi-ugruna-sehit-dusen-evlatl"],"_links":{"self":[{"href":"https:\/\/archive.sana.sy\/tr\/index.php?rest_route=\/wp\/v2\/posts\/27035","targetHints":{"allow":["GET"]}}],"collection":[{"href":"https:\/\/archive.sana.sy\/tr\/index.php?rest_route=\/wp\/v2\/posts"}],"about":[{"href":"https:\/\/archive.sana.sy\/tr\/index.php?rest_route=\/wp\/v2\/types\/post"}],"author":[{"embeddable":true,"href":"https:\/\/archive.sana.sy\/tr\/index.php?rest_route=\/wp\/v2\/users\/1"}],"replies":[{"embeddable":true,"href":"https:\/\/archive.sana.sy\/tr\/index.php?rest_route=%2Fwp%2Fv2%2Fcomments&post=27035"}],"version-history":[{"count":0,"href":"https:\/\/archive.sana.sy\/tr\/index.php?rest_route=\/wp\/v2\/posts\/27035\/revisions"}],"wp:featuredmedia":[{"embeddable":true,"href":"https:\/\/archive.sana.sy\/tr\/index.php?rest_route=\/wp\/v2\/media\/27036"}],"wp:attachment":[{"href":"https:\/\/archive.sana.sy\/tr\/index.php?rest_route=%2Fwp%2Fv2%2Fmedia&parent=27035"}],"wp:term":[{"taxonomy":"category","embeddable":true,"href":"https:\/\/archive.sana.sy\/tr\/index.php?rest_route=%2Fwp%2Fv2%2Fcategories&post=27035"},{"taxonomy":"post_tag","embeddable":true,"href":"https:\/\/archive.sana.sy\/tr\/index.php?rest_route=%2Fwp%2Fv2%2Ftags&post=27035"}],"curies":[{"name":"wp","href":"https:\/\/api.w.org\/{rel}","templated":true}]}}