{"id":27038,"date":"2015-03-20T14:27:39","date_gmt":"2015-03-20T12:27:39","guid":{"rendered":"http:\/\/www.sana.sy\/tr\/?p=27038"},"modified":"2015-03-20T14:27:39","modified_gmt":"2015-03-20T12:27:39","slug":"alman-bakan-suriyede-cozum-siyasi-yontemlerle-olmalidir","status":"publish","type":"post","link":"https:\/\/archive.sana.sy\/tr\/?p=27038","title":{"rendered":"Alman Bakan: Suriye&#8217;de \u00c7\u00f6z\u00fcm Siyasi Y\u00f6ntemlerle Olmal\u0131d\u0131r"},"content":{"rendered":"<p>BEYRUT \u2013 Almanya Ekonomik Kalk\u0131nma ve \u0130\u015fbirli\u011fi Bakan\u0131 Gerd Mueller Suriye&#8217;deki krizin politik y\u00f6ntemlerle \u00e7\u00f6z\u00fclmesi gere\u011fine vurgu yaparken; krizin sonland\u0131r\u0131lmas\u0131 hedefi bulundu\u011funu, bunun da d\u00fcnyada yeni bir durum oldu\u011funu ilan etti.<\/p>\n<p>L\u00fcbnan\u2019a i\u015f ziyareti kapsam\u0131nda bas\u0131na yapt\u0131\u011f\u0131 a\u00e7\u0131klamada Alman Bakan Mueller; Suriye&#8217;nin askeri y\u00f6ntemlere de\u011fil, siyasi \u00e7\u00f6z\u00fcm y\u00f6ntemlerine ihtiya\u00e7 duydu\u011funu belirtti. Dolay\u0131s\u0131yla m\u00fcmk\u00fcn olan t\u00fcm siyasi \u00e7aba ve giri\u015fimlerin kullan\u0131lmas\u0131 gerekti\u011fini ifade eden Mueller; BM\u2019nin temsilcisi Stafan de Mistura arac\u0131l\u0131\u011f\u0131 ile siyasi \u00e7\u00f6z\u00fcm\u00fc sa\u011flamakla y\u00fck\u00fcml\u00fc oldu\u011funu s\u00f6yledi.<\/p>\n<p>A.A. &#8211; R.H.<\/p>\n","protected":false},"excerpt":{"rendered":"<p>BEYRUT \u2013 Almanya Ekonomik Kalk\u0131nma ve \u0130\u015fbirli\u011fi Bakan\u0131 Gerd Mueller Suriye&#8217;deki krizin politik y\u00f6ntemlerle \u00e7\u00f6z\u00fclmesi gere\u011fine vurgu yaparken; krizin sonland\u0131r\u0131lmas\u0131 hedefi bulundu\u011funu, bunun da d\u00fcnyada yeni bir durum oldu\u011funu ilan etti. L\u00fcbnan\u2019a i\u015f ziyareti kapsam\u0131nda bas\u0131na yapt\u0131\u011f\u0131 a\u00e7\u0131klamada Alman Bakan Mueller; Suriye&#8217;nin askeri y\u00f6ntemlere de\u011fil, siyasi \u00e7\u00f6z\u00fcm y\u00f6ntemlerine ihtiya\u00e7 duydu\u011funu belirtti. Dolay\u0131s\u0131yla m\u00fcmk\u00fcn olan t\u00fcm &hellip;<\/p>\n","protected":false},"author":1,"featured_media":27039,"comment_status":"closed","ping_status":"closed","sticky":false,"template":"","format":"standard","meta":{"footnotes":""},"categories":[458,459,447],"tags":[12739,12740],"class_list":["post-27038","post","type-post","status-publish","format-standard","has-post-thumbnail","","category-dunya1","category-haberler-arap-uluslararasi-politika","category-politika","tag-alman-bakan-suriyede-cozum-siyasi-yontemlerle-olmalidir-beyrut-almanya-ekonomik-kalkinma-ve-isbirligi-bakani-gerd-mueller-suriyedeki-krizin-politik-yontemlerle-cozulmesi-geregine-vurgu-ya","tag-bunun-da-dunyada-yeni-bir-durum-oldugunu-ilan-etti"],"_links":{"self":[{"href":"https:\/\/archive.sana.sy\/tr\/index.php?rest_route=\/wp\/v2\/posts\/27038","targetHints":{"allow":["GET"]}}],"collection":[{"href":"https:\/\/archive.sana.sy\/tr\/index.php?rest_route=\/wp\/v2\/posts"}],"about":[{"href":"https:\/\/archive.sana.sy\/tr\/index.php?rest_route=\/wp\/v2\/types\/post"}],"author":[{"embeddable":true,"href":"https:\/\/archive.sana.sy\/tr\/index.php?rest_route=\/wp\/v2\/users\/1"}],"replies":[{"embeddable":true,"href":"https:\/\/archive.sana.sy\/tr\/index.php?rest_route=%2Fwp%2Fv2%2Fcomments&post=27038"}],"version-history":[{"count":0,"href":"https:\/\/archive.sana.sy\/tr\/index.php?rest_route=\/wp\/v2\/posts\/27038\/revisions"}],"wp:featuredmedia":[{"embeddable":true,"href":"https:\/\/archive.sana.sy\/tr\/index.php?rest_route=\/wp\/v2\/media\/27039"}],"wp:attachment":[{"href":"https:\/\/archive.sana.sy\/tr\/index.php?rest_route=%2Fwp%2Fv2%2Fmedia&parent=27038"}],"wp:term":[{"taxonomy":"category","embeddable":true,"href":"https:\/\/archive.sana.sy\/tr\/index.php?rest_route=%2Fwp%2Fv2%2Fcategories&post=27038"},{"taxonomy":"post_tag","embeddable":true,"href":"https:\/\/archive.sana.sy\/tr\/index.php?rest_route=%2Fwp%2Fv2%2Ftags&post=27038"}],"curies":[{"name":"wp","href":"https:\/\/api.w.org\/{rel}","templated":true}]}}