{"id":270380,"date":"2023-01-02T14:10:52","date_gmt":"2023-01-02T12:10:52","guid":{"rendered":"http:\/\/107.6.182.27\/tr\/?p=270380"},"modified":"2023-01-03T07:13:50","modified_gmt":"2023-01-03T05:13:50","slug":"avrupali-bir-turist-grubu-dera-kirsalindaki-busra-el-sam-kentinin-kalintilarini-ziyaret-etti","status":"publish","type":"post","link":"https:\/\/archive.sana.sy\/tr\/?p=270380","title":{"rendered":"Avrupal\u0131 \u200b\u200bBir Turist Grubu, Dera K\u0131rsal\u0131ndaki Busra \u00a0El \u015eam \u00a0Kentinin Kal\u0131nt\u0131lar\u0131n\u0131 Ziyaret Etti"},"content":{"rendered":"<p><strong>DERA<\/strong> &#8211; Hem Sloven hem de H\u0131rvat uyruklu 17 kad\u0131n ve erkekten olu\u015fan bir turist grubu, Dera k\u0131rsal\u0131ndaki Busra El \u015eam kentindeki arkeolojik alanlar\u0131 ziyaret etti.<\/p>\n<p><img loading=\"lazy\" decoding=\"async\" class=\"size-full wp-image-270382 alignright\" src=\"http:\/\/107.6.182.27\/tr\/wp-content\/uploads\/2023\/01\/IMG-20230102-WA0006-300x190-1.jpg\" alt=\"\" width=\"300\" height=\"190\" srcset=\"https:\/\/archive.sana.sy\/tr\/wp-content\/uploads\/2023\/01\/IMG-20230102-WA0006-300x190-1.jpg 300w, https:\/\/archive.sana.sy\/tr\/wp-content\/uploads\/2023\/01\/IMG-20230102-WA0006-300x190-1-150x95.jpg 150w\" sizes=\"auto, (max-width: 300px) 100vw, 300px\" \/>Bug\u00fcn tiyatro, kale ve eski kent gibi \u00e7e\u015fitli arkeolojik alanlar\u0131 ziyaret eden grup, aradan ge\u00e7en y\u0131llara ra\u011fmen hala mimari dokusunu koruyan manzaran\u0131n keyfini \u00e7\u0131kard\u0131.<\/p>\n<p>Gruba e\u015flik eden tur rehberi Hasan Hinnavi, SANA muhabirine, \u2018\u2019Busra kentinin yabanc\u0131 turistler i\u00e7in vazge\u00e7ilmez bir destinasyon oldu\u011funu belirten turistlerin, antik kentin g\u00fczelli\u011finden ve Suriye uygarl\u0131\u011f\u0131na i\u015faret eden antik an\u0131tlardan keyif ald\u0131klar\u0131na dikkat \u00e7ekildi.\u2019\u2019 dedi.<\/p>\n<p>Turizm M\u00fcd\u00fcr\u00fc Yaser El Saadi, Turizm M\u00fcd\u00fcrl\u00fc\u011f\u00fc&#8217;n\u00fcn i\u00e7 ve d\u0131\u015f turizmi te\u015fvik etmek i\u00e7in \u00e7al\u0131\u015ft\u0131\u011f\u0131n\u0131 ve ziyaretleri yo\u011funla\u015ft\u0131rmak i\u00e7in turizm sekt\u00f6r\u00fcyle ilgili ki\u015filerle ileti\u015fim kurdu\u011funu a\u00e7\u0131klarken, Busra El \u015eam \u00a0kentinin \u00f6zellikle Avrupal\u0131 \u200b\u200bturistler taraf\u0131ndan s\u0131k s\u0131k ziyaret edildi\u011fine dikkati \u00e7ekti.<\/p>\n<div id='gallery-1' class='gallery galleryid-270380 gallery-columns-2 gallery-size-full'><figure class='gallery-item'>\n\t\t\t<div class='gallery-icon landscape'>\n\t\t\t\t<a href='https:\/\/archive.sana.sy\/tr\/wp-content\/uploads\/2023\/01\/7-2.jpg'><img loading=\"lazy\" decoding=\"async\" width=\"660\" height=\"370\" src=\"https:\/\/archive.sana.sy\/tr\/wp-content\/uploads\/2023\/01\/7-2.jpg\" class=\"attachment-full size-full\" alt=\"\" srcset=\"https:\/\/archive.sana.sy\/tr\/wp-content\/uploads\/2023\/01\/7-2.jpg 660w, https:\/\/archive.sana.sy\/tr\/wp-content\/uploads\/2023\/01\/7-2-300x168.jpg 300w, https:\/\/archive.sana.sy\/tr\/wp-content\/uploads\/2023\/01\/7-2-150x84.jpg 150w\" sizes=\"auto, (max-width: 660px) 100vw, 660px\" \/><\/a>\n\t\t\t<\/div><\/figure><figure class='gallery-item'>\n\t\t\t<div class='gallery-icon landscape'>\n\t\t\t\t<a href='https:\/\/archive.sana.sy\/tr\/wp-content\/uploads\/2023\/01\/IMG-20230102-WA0003.jpg'><img loading=\"lazy\" decoding=\"async\" width=\"660\" height=\"426\" src=\"https:\/\/archive.sana.sy\/tr\/wp-content\/uploads\/2023\/01\/IMG-20230102-WA0003.jpg\" class=\"attachment-full size-full\" alt=\"\" srcset=\"https:\/\/archive.sana.sy\/tr\/wp-content\/uploads\/2023\/01\/IMG-20230102-WA0003.jpg 660w, https:\/\/archive.sana.sy\/tr\/wp-content\/uploads\/2023\/01\/IMG-20230102-WA0003-300x194.jpg 300w, https:\/\/archive.sana.sy\/tr\/wp-content\/uploads\/2023\/01\/IMG-20230102-WA0003-150x97.jpg 150w\" sizes=\"auto, (max-width: 660px) 100vw, 660px\" \/><\/a>\n\t\t\t<\/div><\/figure>\n\t\t<\/div>\n\n<p>R.M.<\/p>\n<p><a href=\"https:\/\/t.me\/SuriyeArapHaberAjansI\">Telgram Kanal\u0131m\u0131z\u00a0<\/a><\/p>\n<p><a href=\"https:\/\/www.facebook.com\/SANAHaberAjansi\/\">Facebook Sayfam\u0131z<\/a><\/p>\n","protected":false},"excerpt":{"rendered":"<p>DERA &#8211; Hem Sloven hem de H\u0131rvat uyruklu 17 kad\u0131n ve erkekten olu\u015fan bir turist grubu, Dera k\u0131rsal\u0131ndaki Busra El \u015eam kentindeki arkeolojik alanlar\u0131 ziyaret etti. Bug\u00fcn tiyatro, kale ve eski kent gibi \u00e7e\u015fitli arkeolojik alanlar\u0131 ziyaret eden grup, aradan ge\u00e7en y\u0131llara ra\u011fmen hala mimari dokusunu koruyan manzaran\u0131n keyfini \u00e7\u0131kard\u0131. Gruba e\u015flik eden tur rehberi &hellip;<\/p>\n","protected":false},"author":41,"featured_media":270381,"comment_status":"closed","ping_status":"closed","sticky":false,"template":"","format":"standard","meta":{"footnotes":""},"categories":[479,17988,2553,478],"tags":[],"class_list":["post-270380","post","type-post","status-publish","format-standard","has-post-thumbnail","","category-haberler-yerel","category-son-haberler","category-turizm","category-yerel"],"_links":{"self":[{"href":"https:\/\/archive.sana.sy\/tr\/index.php?rest_route=\/wp\/v2\/posts\/270380","targetHints":{"allow":["GET"]}}],"collection":[{"href":"https:\/\/archive.sana.sy\/tr\/index.php?rest_route=\/wp\/v2\/posts"}],"about":[{"href":"https:\/\/archive.sana.sy\/tr\/index.php?rest_route=\/wp\/v2\/types\/post"}],"author":[{"embeddable":true,"href":"https:\/\/archive.sana.sy\/tr\/index.php?rest_route=\/wp\/v2\/users\/41"}],"replies":[{"embeddable":true,"href":"https:\/\/archive.sana.sy\/tr\/index.php?rest_route=%2Fwp%2Fv2%2Fcomments&post=270380"}],"version-history":[{"count":0,"href":"https:\/\/archive.sana.sy\/tr\/index.php?rest_route=\/wp\/v2\/posts\/270380\/revisions"}],"wp:featuredmedia":[{"embeddable":true,"href":"https:\/\/archive.sana.sy\/tr\/index.php?rest_route=\/wp\/v2\/media\/270381"}],"wp:attachment":[{"href":"https:\/\/archive.sana.sy\/tr\/index.php?rest_route=%2Fwp%2Fv2%2Fmedia&parent=270380"}],"wp:term":[{"taxonomy":"category","embeddable":true,"href":"https:\/\/archive.sana.sy\/tr\/index.php?rest_route=%2Fwp%2Fv2%2Fcategories&post=270380"},{"taxonomy":"post_tag","embeddable":true,"href":"https:\/\/archive.sana.sy\/tr\/index.php?rest_route=%2Fwp%2Fv2%2Ftags&post=270380"}],"curies":[{"name":"wp","href":"https:\/\/api.w.org\/{rel}","templated":true}]}}