{"id":270388,"date":"2023-01-02T13:55:47","date_gmt":"2023-01-02T11:55:47","guid":{"rendered":"http:\/\/107.6.182.27\/tr\/?p=270388"},"modified":"2023-01-03T07:13:24","modified_gmt":"2023-01-03T05:13:24","slug":"alman-hukumeti-rusya-ile-cesitli-duzeylerde-temaslar-suruyor","status":"publish","type":"post","link":"https:\/\/archive.sana.sy\/tr\/?p=270388","title":{"rendered":"Alman H\u00fck\u00fcmeti: Rusya \u0130le \u00c7e\u015fitli D\u00fczeylerde Temaslar S\u00fcr\u00fcyor"},"content":{"rendered":"<p><strong>BERL\u0130N<\/strong> &#8211; Alman h\u00fck\u00fcmet s\u00f6zc\u00fcs\u00fc Christiane Hoffmann, \u00fclkesinin Rusya ile \u00e7e\u015fitli d\u00fczeylerde diplomatik temaslar s\u00fcrd\u00fcrd\u00fc\u011f\u00fcn\u00fc do\u011frulad\u0131.<\/p>\n<p>TASS haber ajans\u0131, Hoffman&#8217;\u0131n bug\u00fcn yapt\u0131\u011f\u0131 a\u00e7\u0131klamada, Almanya Ba\u015fbakan\u0131 Olaf Scholz ve Avrupa Birli\u011fi liderleri, Rusya Devlet Ba\u015fkan\u0131 Vladimir Putin ile do\u011frudan ileti\u015fim kurarak, Rusya ile diplomatik temaslar\u0131n devam etti\u011fini ve onlar\u0131 durdurmaya y\u00f6nelik bir niyetleri olmad\u0131\u011f\u0131n\u0131 vurgulad\u0131\u011f\u0131n\u0131 aktard\u0131.<\/p>\n<p>Almanya D\u0131\u015fi\u015fleri Bakanl\u0131\u011f\u0131 s\u00f6zc\u00fcs\u00fc Christina Wagner ise: \u2018\u2019Rusya ile Ukrayna aras\u0131nda m\u00fczakere olas\u0131l\u0131\u011f\u0131 m\u00fcmk\u00fcnd\u00fcr, ancak Kiev bar\u0131\u015f ko\u015fullar\u0131n\u0131 ve Moskova ile nas\u0131l ve ne zaman m\u00fczakere edece\u011fini belirlemelidir\u2019\u2019 dedi.<\/p>\n<p>&nbsp;<\/p>\n<p>R.M.<\/p>\n<p><a href=\"https:\/\/t.me\/SuriyeArapHaberAjansI\">Telgram Kanal\u0131m\u0131z\u00a0<\/a><\/p>\n<p><a href=\"https:\/\/www.facebook.com\/SANAHaberAjansi\/\">Facebook Sayfam\u0131z<\/a><\/p>\n","protected":false},"excerpt":{"rendered":"<p>BERL\u0130N &#8211; Alman h\u00fck\u00fcmet s\u00f6zc\u00fcs\u00fc Christiane Hoffmann, \u00fclkesinin Rusya ile \u00e7e\u015fitli d\u00fczeylerde diplomatik temaslar s\u00fcrd\u00fcrd\u00fc\u011f\u00fcn\u00fc do\u011frulad\u0131. TASS haber ajans\u0131, Hoffman&#8217;\u0131n bug\u00fcn yapt\u0131\u011f\u0131 a\u00e7\u0131klamada, Almanya Ba\u015fbakan\u0131 Olaf Scholz ve Avrupa Birli\u011fi liderleri, Rusya Devlet Ba\u015fkan\u0131 Vladimir Putin ile do\u011frudan ileti\u015fim kurarak, Rusya ile diplomatik temaslar\u0131n devam etti\u011fini ve onlar\u0131 durdurmaya y\u00f6nelik bir niyetleri olmad\u0131\u011f\u0131n\u0131 vurgulad\u0131\u011f\u0131n\u0131 aktard\u0131. &hellip;<\/p>\n","protected":false},"author":41,"featured_media":270389,"comment_status":"closed","ping_status":"closed","sticky":false,"template":"","format":"standard","meta":{"footnotes":""},"categories":[458,459,17988],"tags":[],"class_list":["post-270388","post","type-post","status-publish","format-standard","has-post-thumbnail","","category-dunya1","category-haberler-arap-uluslararasi-politika","category-son-haberler"],"_links":{"self":[{"href":"https:\/\/archive.sana.sy\/tr\/index.php?rest_route=\/wp\/v2\/posts\/270388","targetHints":{"allow":["GET"]}}],"collection":[{"href":"https:\/\/archive.sana.sy\/tr\/index.php?rest_route=\/wp\/v2\/posts"}],"about":[{"href":"https:\/\/archive.sana.sy\/tr\/index.php?rest_route=\/wp\/v2\/types\/post"}],"author":[{"embeddable":true,"href":"https:\/\/archive.sana.sy\/tr\/index.php?rest_route=\/wp\/v2\/users\/41"}],"replies":[{"embeddable":true,"href":"https:\/\/archive.sana.sy\/tr\/index.php?rest_route=%2Fwp%2Fv2%2Fcomments&post=270388"}],"version-history":[{"count":0,"href":"https:\/\/archive.sana.sy\/tr\/index.php?rest_route=\/wp\/v2\/posts\/270388\/revisions"}],"wp:featuredmedia":[{"embeddable":true,"href":"https:\/\/archive.sana.sy\/tr\/index.php?rest_route=\/wp\/v2\/media\/270389"}],"wp:attachment":[{"href":"https:\/\/archive.sana.sy\/tr\/index.php?rest_route=%2Fwp%2Fv2%2Fmedia&parent=270388"}],"wp:term":[{"taxonomy":"category","embeddable":true,"href":"https:\/\/archive.sana.sy\/tr\/index.php?rest_route=%2Fwp%2Fv2%2Fcategories&post=270388"},{"taxonomy":"post_tag","embeddable":true,"href":"https:\/\/archive.sana.sy\/tr\/index.php?rest_route=%2Fwp%2Fv2%2Ftags&post=270388"}],"curies":[{"name":"wp","href":"https:\/\/api.w.org\/{rel}","templated":true}]}}