{"id":270394,"date":"2023-01-02T14:00:55","date_gmt":"2023-01-02T12:00:55","guid":{"rendered":"http:\/\/107.6.182.27\/tr\/?p=270394"},"modified":"2023-01-03T07:13:31","modified_gmt":"2023-01-03T05:13:31","slug":"rus-stratejik-havaciligi-donbassi-korumak-icin-askeri-operasyona-katilmaya-basladi","status":"publish","type":"post","link":"https:\/\/archive.sana.sy\/tr\/?p=270394","title":{"rendered":"Rus Stratejik Havac\u0131l\u0131\u011f\u0131, Donbass&#8217;\u0131 Korumak \u0130\u00e7in Askeri Operasyona Kat\u0131lmaya Ba\u015flad\u0131"},"content":{"rendered":"<p><strong>MOSKOVA<\/strong> &#8211; Rus Hava ve Uzay Kuvvetleri uzun menzilli havac\u0131l\u0131k komutan\u0131 Korgeneral Sergey Kobilash, stratejik f\u00fczeler ta\u015f\u0131yan u\u00e7aklar\u0131n bu y\u0131l i\u00e7inde Donbass&#8217;\u0131 korumaya y\u00f6nelik \u00f6zel askeri operasyon alan\u0131na kat\u0131lmaya ba\u015flayaca\u011f\u0131n\u0131 duyurdu.<\/p>\n<p>Rus RT kanal\u0131n\u0131n web sitesinde bug\u00fcn Kobylash&#8217;\u0131n, \u2018\u2019Bu y\u0131lki pilot e\u011fitiminin odak noktas\u0131 silah kullanma, komuta sistemleri ve makine g\u00fcd\u00fcm becerilerinin geli\u015ftirilmesi olacak ve bu g\u00f6revler, uzun menzilli havac\u0131l\u0131\u011f\u0131n \u00f6zel askeri operasyona kat\u0131l\u0131m\u0131yla \u00e7\u00f6z\u00fclecektir \u2018\u2019 ifadelerini aktard\u0131.<\/p>\n<p>R.M.<\/p>\n<p><a href=\"https:\/\/t.me\/SuriyeArapHaberAjansI\">Telgram Kanal\u0131m\u0131z\u00a0<\/a><\/p>\n<p><a href=\"https:\/\/www.facebook.com\/SANAHaberAjansi\/\">Facebook Sayfam\u0131z<\/a><\/p>\n","protected":false},"excerpt":{"rendered":"<p>MOSKOVA &#8211; Rus Hava ve Uzay Kuvvetleri uzun menzilli havac\u0131l\u0131k komutan\u0131 Korgeneral Sergey Kobilash, stratejik f\u00fczeler ta\u015f\u0131yan u\u00e7aklar\u0131n bu y\u0131l i\u00e7inde Donbass&#8217;\u0131 korumaya y\u00f6nelik \u00f6zel askeri operasyon alan\u0131na kat\u0131lmaya ba\u015flayaca\u011f\u0131n\u0131 duyurdu. Rus RT kanal\u0131n\u0131n web sitesinde bug\u00fcn Kobylash&#8217;\u0131n, \u2018\u2019Bu y\u0131lki pilot e\u011fitiminin odak noktas\u0131 silah kullanma, komuta sistemleri ve makine g\u00fcd\u00fcm becerilerinin geli\u015ftirilmesi olacak ve &hellip;<\/p>\n","protected":false},"author":41,"featured_media":270395,"comment_status":"closed","ping_status":"closed","sticky":false,"template":"","format":"standard","meta":{"footnotes":""},"categories":[458,459,17988],"tags":[],"class_list":["post-270394","post","type-post","status-publish","format-standard","has-post-thumbnail","","category-dunya1","category-haberler-arap-uluslararasi-politika","category-son-haberler"],"_links":{"self":[{"href":"https:\/\/archive.sana.sy\/tr\/index.php?rest_route=\/wp\/v2\/posts\/270394","targetHints":{"allow":["GET"]}}],"collection":[{"href":"https:\/\/archive.sana.sy\/tr\/index.php?rest_route=\/wp\/v2\/posts"}],"about":[{"href":"https:\/\/archive.sana.sy\/tr\/index.php?rest_route=\/wp\/v2\/types\/post"}],"author":[{"embeddable":true,"href":"https:\/\/archive.sana.sy\/tr\/index.php?rest_route=\/wp\/v2\/users\/41"}],"replies":[{"embeddable":true,"href":"https:\/\/archive.sana.sy\/tr\/index.php?rest_route=%2Fwp%2Fv2%2Fcomments&post=270394"}],"version-history":[{"count":0,"href":"https:\/\/archive.sana.sy\/tr\/index.php?rest_route=\/wp\/v2\/posts\/270394\/revisions"}],"wp:featuredmedia":[{"embeddable":true,"href":"https:\/\/archive.sana.sy\/tr\/index.php?rest_route=\/wp\/v2\/media\/270395"}],"wp:attachment":[{"href":"https:\/\/archive.sana.sy\/tr\/index.php?rest_route=%2Fwp%2Fv2%2Fmedia&parent=270394"}],"wp:term":[{"taxonomy":"category","embeddable":true,"href":"https:\/\/archive.sana.sy\/tr\/index.php?rest_route=%2Fwp%2Fv2%2Fcategories&post=270394"},{"taxonomy":"post_tag","embeddable":true,"href":"https:\/\/archive.sana.sy\/tr\/index.php?rest_route=%2Fwp%2Fv2%2Ftags&post=270394"}],"curies":[{"name":"wp","href":"https:\/\/api.w.org\/{rel}","templated":true}]}}