{"id":270397,"date":"2023-01-02T13:49:16","date_gmt":"2023-01-02T11:49:16","guid":{"rendered":"http:\/\/107.6.182.27\/tr\/?p=270397"},"modified":"2023-01-03T07:13:16","modified_gmt":"2023-01-03T05:13:16","slug":"yerlesimcile-erihanin-kuzeyinde-bir-grup-filistinliye-saldirdi","status":"publish","type":"post","link":"https:\/\/archive.sana.sy\/tr\/?p=270397","title":{"rendered":"Yerle\u015fimcile, \u00a0Eriha&#8217;n\u0131n Kuzeyinde Bir Grup Filistinliye Sald\u0131rd\u0131"},"content":{"rendered":"<p><strong>\u0130\u015eGAL ED\u0130LEN KUD\u00dcS<\/strong> \u2013 \u0130srailli yerle\u015fimciler bug\u00fcn Bat\u0131 Yaka&#8217;daki Eriha \u015fehrinin kuzeyinde bir grup Filistinliye sald\u0131rd\u0131.<\/p>\n<p>WAFA haber ajans\u0131, yerle\u015fimcilerin \u015fehrin kuzeyindeki El Maracat yolundaki Arap El Malihat b\u00f6lgesinde Filistinli \u00e7obanlara sald\u0131rd\u0131\u011f\u0131n\u0131, onlara ate\u015f etti\u011fini ve i\u015fgal g\u00fc\u00e7lerinin yo\u011fun korumas\u0131 alt\u0131nda onlar\u0131 topraklar\u0131n\u0131 terk etmeye zorlad\u0131\u011f\u0131n\u0131 bildirdi.<\/p>\n<p>Ayr\u0131ca yerle\u015fimciler, El Halil&#8217;in g\u00fcneyinde, Yatta&#8217;n\u0131n do\u011fusundaki El Sala \u00a0ve Umm El Hay\u0131r b\u00f6lgelerindeki Filistinli \u00e7obanlar\u0131n topraklar\u0131na ve otlaklar\u0131na girmelerini engelledi.<\/p>\n<p>\u00d6te yandan, \u0130\u015fgal yetkilileri, Salfit&#8217;in bat\u0131s\u0131ndaki Deyir Bellut&#8217;un bat\u0131 b\u00f6lgesindeki Filistinliler i\u00e7in on ev ve tar\u0131m tesisinin y\u0131k\u0131lmas\u0131 i\u00e7in ihbarda bulundu.<\/p>\n<p>\u0130\u015fgal g\u00fc\u00e7leri ayr\u0131ca, El Halil kentinde Ebu Katila, El Madaris Kav\u015fa\u011f\u0131 ve Bir El Mahcer da dahil olmak \u00fczere \u00e7ok say\u0131da mahalleye de bask\u0131n d\u00fczenledi.<\/p>\n<p>R.M.<\/p>\n<p><a href=\"https:\/\/t.me\/SuriyeArapHaberAjansI\">Telgram Kanal\u0131m\u0131z\u00a0<\/a><\/p>\n<p><a href=\"https:\/\/www.facebook.com\/SANAHaberAjansi\/\">Facebook Sayfam\u0131z<\/a><\/p>\n","protected":false},"excerpt":{"rendered":"<p>\u0130\u015eGAL ED\u0130LEN KUD\u00dcS \u2013 \u0130srailli yerle\u015fimciler bug\u00fcn Bat\u0131 Yaka&#8217;daki Eriha \u015fehrinin kuzeyinde bir grup Filistinliye sald\u0131rd\u0131. WAFA haber ajans\u0131, yerle\u015fimcilerin \u015fehrin kuzeyindeki El Maracat yolundaki Arap El Malihat b\u00f6lgesinde Filistinli \u00e7obanlara sald\u0131rd\u0131\u011f\u0131n\u0131, onlara ate\u015f etti\u011fini ve i\u015fgal g\u00fc\u00e7lerinin yo\u011fun korumas\u0131 alt\u0131nda onlar\u0131 topraklar\u0131n\u0131 terk etmeye zorlad\u0131\u011f\u0131n\u0131 bildirdi. Ayr\u0131ca yerle\u015fimciler, El Halil&#8217;in g\u00fcneyinde, Yatta&#8217;n\u0131n do\u011fusundaki El &hellip;<\/p>\n","protected":false},"author":41,"featured_media":270398,"comment_status":"closed","ping_status":"closed","sticky":false,"template":"","format":"standard","meta":{"footnotes":""},"categories":[458,459,17988],"tags":[],"class_list":["post-270397","post","type-post","status-publish","format-standard","has-post-thumbnail","","category-dunya1","category-haberler-arap-uluslararasi-politika","category-son-haberler"],"_links":{"self":[{"href":"https:\/\/archive.sana.sy\/tr\/index.php?rest_route=\/wp\/v2\/posts\/270397","targetHints":{"allow":["GET"]}}],"collection":[{"href":"https:\/\/archive.sana.sy\/tr\/index.php?rest_route=\/wp\/v2\/posts"}],"about":[{"href":"https:\/\/archive.sana.sy\/tr\/index.php?rest_route=\/wp\/v2\/types\/post"}],"author":[{"embeddable":true,"href":"https:\/\/archive.sana.sy\/tr\/index.php?rest_route=\/wp\/v2\/users\/41"}],"replies":[{"embeddable":true,"href":"https:\/\/archive.sana.sy\/tr\/index.php?rest_route=%2Fwp%2Fv2%2Fcomments&post=270397"}],"version-history":[{"count":0,"href":"https:\/\/archive.sana.sy\/tr\/index.php?rest_route=\/wp\/v2\/posts\/270397\/revisions"}],"wp:featuredmedia":[{"embeddable":true,"href":"https:\/\/archive.sana.sy\/tr\/index.php?rest_route=\/wp\/v2\/media\/270398"}],"wp:attachment":[{"href":"https:\/\/archive.sana.sy\/tr\/index.php?rest_route=%2Fwp%2Fv2%2Fmedia&parent=270397"}],"wp:term":[{"taxonomy":"category","embeddable":true,"href":"https:\/\/archive.sana.sy\/tr\/index.php?rest_route=%2Fwp%2Fv2%2Fcategories&post=270397"},{"taxonomy":"post_tag","embeddable":true,"href":"https:\/\/archive.sana.sy\/tr\/index.php?rest_route=%2Fwp%2Fv2%2Ftags&post=270397"}],"curies":[{"name":"wp","href":"https:\/\/api.w.org\/{rel}","templated":true}]}}