{"id":270403,"date":"2023-01-02T18:54:09","date_gmt":"2023-01-02T16:54:09","guid":{"rendered":"http:\/\/107.6.182.27\/tr\/?p=270403"},"modified":"2023-01-04T07:13:28","modified_gmt":"2023-01-04T05:13:28","slug":"suriye-gk-ve-bmi-israilin-suclarini-kinamaya-ve-hesap-verebilirligi-saglamak-icin-acilen-harekete-gecmeye-cagirdi","status":"publish","type":"post","link":"https:\/\/archive.sana.sy\/tr\/?p=270403","title":{"rendered":"Suriye, GK Ve BM&#8217;i \u0130srail&#8217;in Su\u00e7lar\u0131n\u0131 K\u0131namaya Ve Hesap Verebilirli\u011fi Sa\u011flamak \u0130\u00e7in Acilen Harekete Ge\u00e7meye \u00c7a\u011f\u0131rd\u0131"},"content":{"rendered":"<p><strong>\u015eAM<\/strong> \u2013 D\u0131\u015fi\u015flri ve Gurbe\u00e7iler Bakanl\u0131\u011f\u0131, \u0130srail&#8217;in \u015eam Uluslararas\u0131 Havaliman\u0131&#8217;na y\u00f6nelik sald\u0131rganl\u0131\u011f\u0131n\u0131n, \u0130srail su\u00e7lar\u0131n\u0131n yeni bir b\u00f6l\u00fcm\u00fcnden ve Suriye ile egemenli\u011fini, birli\u011fini ve toprak b\u00fct\u00fcnl\u00fc\u011f\u00fcn\u00fc savunmak ve i\u00e7 i\u015flerine kar\u0131\u015fmay\u0131 redden onun sad\u0131k halk\u0131n\u0131 do\u011frudan hedef almas\u0131ndan ba\u015fka bir \u015fey olmad\u0131\u011f\u0131n\u0131 belirtti.<\/p>\n<p>D\u0131\u015fi\u015fleri ve Gurbe\u00e7iler Bakanl\u0131\u011f\u0131 bug\u00fcn yapt\u0131\u011f\u0131 ve SANA\u2019n\u0131n bir n\u00fcshas\u0131n\u0131 ald\u0131\u011f\u0131 a\u00e7\u0131kamas\u0131nda, \u2018\u2019Birle\u015fmi\u015f Milletler halklar\u0131n\u0131n Noel&#8217;i ve yeni y\u0131l\u0131 kutlad\u0131\u011f\u0131 bir d\u00f6nemde, krizlerin azalaca\u011f\u0131, bar\u0131\u015f, refah ve istikrar\u0131n hakim olaca\u011f\u0131 bir y\u0131l\u0131 d\u00f6rt g\u00f6zle beklerken, \u00a0\u0130srail i\u015fgal otoriteleri, sald\u0131r\u0131 eylemleri ve uluslararas\u0131 hukuk ile Birle\u015fmi\u015f Milletler \u015eart\u0131&#8217;n\u0131n ilke ve h\u00fck\u00fcmlerinin ihlallerine ili\u015fkin sicillerine bir yenisini daha ekledi. D\u00fc\u015fman \u0130srail, 2-1-2023 Pazartesi g\u00fcn\u00fc saat 02:00&#8217;de kuzeydo\u011fu Celile Denizi y\u00f6n\u00fcnden \u015eam Uluslararas\u0131 Sivil Havaliman\u0131 ve \u00e7evresini hedef alan f\u00fcze patlamalar\u0131 ile hava sald\u0131rganl\u0131\u011f\u0131 \u00a0ger\u00e7ekle\u015fti. Bunun sonucunda iki asker \u015fehit oldu, iki asker yaraland\u0131, maddi kay\u0131plar meydana geldi ve \u015eam Uluslararas\u0131 Havaliman\u0131 bir s\u00fcre hizmet d\u0131\u015f\u0131 kald\u0131.\u201ddedi.<\/p>\n<p>D\u0131\u015fi\u015fleri Bakanl\u0131\u011f\u0131 a\u00e7\u0131klamas\u0131nda ayr\u0131ca, \u0130srail i\u015fgal g\u00fc\u00e7lerinin daha \u00f6nce \u015eam ve Halep uluslararas\u0131 havaalanlar\u0131n\u0131 hedef alarak hizmet d\u0131\u015f\u0131 b\u0131rakmas\u0131 ve sivil hava seyr\u00fcseferini kesintiye u\u011fratmas\u0131 nedeniyle, \u0130srail&#8217;in sivil tesisleri ve altyap\u0131y\u0131 hedef almas\u0131 t\u00fcr\u00fcn\u00fcn ilk \u00f6rne\u011fi olmad\u0131\u011f\u0131na i\u015faret etti. Bakanl\u0131k a\u00e7\u0131klamas\u0131nda, d\u00fc\u015fman 28-12-2021&#8217;deki \u0130srail sald\u0131r\u0131lar\u0131, Lazkiye&#8217;nin sivil ve ticari liman\u0131n\u0131 da etkilemi\u015f, bu da limanda, ticari konteynerlerde ve Suriye&#8217;de faaliyet g\u00f6steren Birle\u015fmi\u015f Milletler kurulu\u015flar\u0131na yap\u0131lan yard\u0131mlarda ciddi hasara yol a\u00e7t\u0131\u011f\u0131na da dikkat \u00e7ekti.<\/p>\n<p>Di\u015fi\u015fleri,\u00a0 Suriye\u2019nin, d\u00fc\u015fman \u0130srail&#8217;in Suriye sivil tesislerine ve yap\u0131lar\u0131na y\u00f6nelik, uluslararas\u0131 insan haklar\u0131 hukukunun ihlali te\u015fkil eden, masum hayatlar\u0131 ve uluslararas\u0131 sivil ta\u015f\u0131mac\u0131l\u0131\u011f\u0131n g\u00fcvenli\u011fine ve \u00a0b\u00f6lgesel bar\u0131\u015f ve g\u00fcvenli\u011fe y\u00f6nelik do\u011frudan bir tehdit olu\u015fturan bu ter\u00f6rist sald\u0131r\u0131s\u0131n\u0131 k\u0131nad\u0131\u011f\u0131n\u0131 vurgulad\u0131.<\/p>\n<p>Bakanl\u0131k, ABD y\u00f6netimi ve bir avu\u00e7 m\u00fcttefiki taraf\u0131ndan kendilerine sa\u011flanan cezas\u0131zl\u0131k ve dokunulmazl\u0131k \u015femsiyesi olmasayd\u0131, \u0130srail i\u015fgal makamlar\u0131n\u0131n bu su\u00e7lar\u0131 i\u015flemeye devam etmeyece\u011fini da kaydetti.<\/p>\n<p>R.M.<\/p>\n<p><a href=\"https:\/\/t.me\/SuriyeArapHaberAjansI\">Telgram Kanal\u0131m\u0131z\u00a0<\/a><\/p>\n<p><a href=\"https:\/\/www.facebook.com\/SANAHaberAjansi\/\">Facebook Sayfam\u0131z<\/a><\/p>\n","protected":false},"excerpt":{"rendered":"<p>\u015eAM \u2013 D\u0131\u015fi\u015flri ve Gurbe\u00e7iler Bakanl\u0131\u011f\u0131, \u0130srail&#8217;in \u015eam Uluslararas\u0131 Havaliman\u0131&#8217;na y\u00f6nelik sald\u0131rganl\u0131\u011f\u0131n\u0131n, \u0130srail su\u00e7lar\u0131n\u0131n yeni bir b\u00f6l\u00fcm\u00fcnden ve Suriye ile egemenli\u011fini, birli\u011fini ve toprak b\u00fct\u00fcnl\u00fc\u011f\u00fcn\u00fc savunmak ve i\u00e7 i\u015flerine kar\u0131\u015fmay\u0131 redden onun sad\u0131k halk\u0131n\u0131 do\u011frudan hedef almas\u0131ndan ba\u015fka bir \u015fey olmad\u0131\u011f\u0131n\u0131 belirtti. D\u0131\u015fi\u015fleri ve Gurbe\u00e7iler Bakanl\u0131\u011f\u0131 bug\u00fcn yapt\u0131\u011f\u0131 ve SANA\u2019n\u0131n bir n\u00fcshas\u0131n\u0131 ald\u0131\u011f\u0131 a\u00e7\u0131kamas\u0131nda, \u2018\u2019Birle\u015fmi\u015f &hellip;<\/p>\n","protected":false},"author":41,"featured_media":270404,"comment_status":"closed","ping_status":"closed","sticky":false,"template":"","format":"standard","meta":{"footnotes":""},"categories":[479,17988,478],"tags":[],"class_list":["post-270403","post","type-post","status-publish","format-standard","has-post-thumbnail","","category-haberler-yerel","category-son-haberler","category-yerel"],"_links":{"self":[{"href":"https:\/\/archive.sana.sy\/tr\/index.php?rest_route=\/wp\/v2\/posts\/270403","targetHints":{"allow":["GET"]}}],"collection":[{"href":"https:\/\/archive.sana.sy\/tr\/index.php?rest_route=\/wp\/v2\/posts"}],"about":[{"href":"https:\/\/archive.sana.sy\/tr\/index.php?rest_route=\/wp\/v2\/types\/post"}],"author":[{"embeddable":true,"href":"https:\/\/archive.sana.sy\/tr\/index.php?rest_route=\/wp\/v2\/users\/41"}],"replies":[{"embeddable":true,"href":"https:\/\/archive.sana.sy\/tr\/index.php?rest_route=%2Fwp%2Fv2%2Fcomments&post=270403"}],"version-history":[{"count":0,"href":"https:\/\/archive.sana.sy\/tr\/index.php?rest_route=\/wp\/v2\/posts\/270403\/revisions"}],"wp:featuredmedia":[{"embeddable":true,"href":"https:\/\/archive.sana.sy\/tr\/index.php?rest_route=\/wp\/v2\/media\/270404"}],"wp:attachment":[{"href":"https:\/\/archive.sana.sy\/tr\/index.php?rest_route=%2Fwp%2Fv2%2Fmedia&parent=270403"}],"wp:term":[{"taxonomy":"category","embeddable":true,"href":"https:\/\/archive.sana.sy\/tr\/index.php?rest_route=%2Fwp%2Fv2%2Fcategories&post=270403"},{"taxonomy":"post_tag","embeddable":true,"href":"https:\/\/archive.sana.sy\/tr\/index.php?rest_route=%2Fwp%2Fv2%2Ftags&post=270403"}],"curies":[{"name":"wp","href":"https:\/\/api.w.org\/{rel}","templated":true}]}}