{"id":27042,"date":"2015-03-20T14:37:39","date_gmt":"2015-03-20T12:37:39","guid":{"rendered":"http:\/\/www.sana.sy\/tr\/?p=27042"},"modified":"2015-03-20T14:37:39","modified_gmt":"2015-03-20T12:37:39","slug":"suriye-ile-iliskilerimizi-muhtelif-alanlarda-gelistirme-ozenindeyiz","status":"publish","type":"post","link":"https:\/\/archive.sana.sy\/tr\/?p=27042","title":{"rendered":"Suriye ile \u0130li\u015fkilerimizi Muhtelif Alanlarda Geli\u015ftirme \u00d6zenindeyiz"},"content":{"rendered":"<p>MOSKOVA \u2013 Irak D\u0131\u015fi\u015fleri Bakan\u0131 \u0130brahim el Caferi \u00fclkesinin Suriye&#8217;deki krize siyasi \u00e7\u00f6z\u00fcm\u00fc destekleyen tutumunu bir kez daha ifade ederken, Suriye ili\u015fkilerini muhtelif alanlarda geli\u015ftirme \u00f6zenini vurgulad\u0131.<\/p>\n<p>Moskova&#8217;da Rusya D\u0131\u015fi\u015fleri Bakanl\u0131\u011f\u0131n\u0131n akademik diplomasi \u00f6\u011frencilerine verdi\u011fi konferans ard\u0131ndan bas\u0131n sorular\u0131na cevab\u0131nda Caferi; Irak\u2019\u0131n, ba\u015fka devletlerin i\u00e7i\u015flerine m\u00fcdahale etmedi\u011fini s\u00f6yledi. Caferi \u00fclkesinin Suriye&#8217;de halk\u0131n deste\u011fini alan herhangi bir h\u00fck\u00fcmetle ili\u015fkilerini muhtelif alanlarda peki\u015ftirme \u00f6zeninde oldu\u011funu ifade etti.<\/p>\n<p>Caferi d\u00fcn Moskova&#8217;da Rusya D\u0131\u015fi\u015fleri Bakan\u0131 Sergey Lavrov ile bulundu\u011fu temaslar\u0131n ard\u0131ndan d\u00fczenledikleri ortak bas\u0131n toplant\u0131s\u0131nda; iki taraf\u0131n gerek Suriye, Libya, Yemen yada Irak\u2019ta mevcut krizlerin \u00e7\u00f6z\u00fcm\u00fc konusunda g\u00f6r\u00fc\u015f birli\u011fi kaydettiklerini ifade etmi\u015fti.<\/p>\n<p>A.A. &#8211; R.H.<\/p>\n","protected":false},"excerpt":{"rendered":"<p>MOSKOVA \u2013 Irak D\u0131\u015fi\u015fleri Bakan\u0131 \u0130brahim el Caferi \u00fclkesinin Suriye&#8217;deki krize siyasi \u00e7\u00f6z\u00fcm\u00fc destekleyen tutumunu bir kez daha ifade ederken, Suriye ili\u015fkilerini muhtelif alanlarda geli\u015ftirme \u00f6zenini vurgulad\u0131. Moskova&#8217;da Rusya D\u0131\u015fi\u015fleri Bakanl\u0131\u011f\u0131n\u0131n akademik diplomasi \u00f6\u011frencilerine verdi\u011fi konferans ard\u0131ndan bas\u0131n sorular\u0131na cevab\u0131nda Caferi; Irak\u2019\u0131n, ba\u015fka devletlerin i\u00e7i\u015flerine m\u00fcdahale etmedi\u011fini s\u00f6yledi. Caferi \u00fclkesinin Suriye&#8217;de halk\u0131n deste\u011fini alan herhangi &hellip;<\/p>\n","protected":false},"author":1,"featured_media":27043,"comment_status":"closed","ping_status":"closed","sticky":false,"template":"","format":"standard","meta":{"footnotes":""},"categories":[458,459,447],"tags":[12741,12742],"class_list":["post-27042","post","type-post","status-publish","format-standard","has-post-thumbnail","","category-dunya1","category-haberler-arap-uluslararasi-politika","category-politika","tag-suriye-ile-iliskilerimizi-muhtelif-alanlarda-gelistirme-ozenindeyiz-moskova-irak-disisleri-bakani-ibrahim-el-caferi-ulkesinin-suriyedeki-krize-siyasi-cozumu-destekleyen-tutumunu-bir-kez-dah","tag-suriye-iliskilerini-muhtelif-alanlarda-gelistirme-ozenini-vurguladi"],"_links":{"self":[{"href":"https:\/\/archive.sana.sy\/tr\/index.php?rest_route=\/wp\/v2\/posts\/27042","targetHints":{"allow":["GET"]}}],"collection":[{"href":"https:\/\/archive.sana.sy\/tr\/index.php?rest_route=\/wp\/v2\/posts"}],"about":[{"href":"https:\/\/archive.sana.sy\/tr\/index.php?rest_route=\/wp\/v2\/types\/post"}],"author":[{"embeddable":true,"href":"https:\/\/archive.sana.sy\/tr\/index.php?rest_route=\/wp\/v2\/users\/1"}],"replies":[{"embeddable":true,"href":"https:\/\/archive.sana.sy\/tr\/index.php?rest_route=%2Fwp%2Fv2%2Fcomments&post=27042"}],"version-history":[{"count":0,"href":"https:\/\/archive.sana.sy\/tr\/index.php?rest_route=\/wp\/v2\/posts\/27042\/revisions"}],"wp:featuredmedia":[{"embeddable":true,"href":"https:\/\/archive.sana.sy\/tr\/index.php?rest_route=\/wp\/v2\/media\/27043"}],"wp:attachment":[{"href":"https:\/\/archive.sana.sy\/tr\/index.php?rest_route=%2Fwp%2Fv2%2Fmedia&parent=27042"}],"wp:term":[{"taxonomy":"category","embeddable":true,"href":"https:\/\/archive.sana.sy\/tr\/index.php?rest_route=%2Fwp%2Fv2%2Fcategories&post=27042"},{"taxonomy":"post_tag","embeddable":true,"href":"https:\/\/archive.sana.sy\/tr\/index.php?rest_route=%2Fwp%2Fv2%2Ftags&post=27042"}],"curies":[{"name":"wp","href":"https:\/\/api.w.org\/{rel}","templated":true}]}}