{"id":27045,"date":"2015-03-20T14:42:07","date_gmt":"2015-03-20T12:42:07","guid":{"rendered":"http:\/\/www.sana.sy\/tr\/?p=27045"},"modified":"2015-03-20T14:42:07","modified_gmt":"2015-03-20T12:42:07","slug":"abd-insan-haklarina-ihlallerini-ortbas-etmek-icin-baska-hukumetlere-baski-uyguluyor","status":"publish","type":"post","link":"https:\/\/archive.sana.sy\/tr\/?p=27045","title":{"rendered":"ABD \u0130nsan Haklar\u0131na \u0130hlallerini \u00d6rtbas Etmek \u0130\u00e7in Ba\u015fka H\u00fck\u00fcmetlere Bask\u0131 Uyguluyor"},"content":{"rendered":"<p>KARAKAS \u2013 K\u00fcba Ba\u015fkan\u0131 Raul Castro \u00fclkesinin, ABD ve dayatmalar\u0131na kar\u015f\u0131 Venez\u00fcella halk\u0131 ve ba\u015fkan\u0131na mutlak ve kararl\u0131 deste\u011fini bir kez daha vurgulad\u0131.<\/p>\n<p>Amerika K\u0131tas\u0131 halklar\u0131n\u0131n Bolivarc\u0131 ittifak\u0131 ALBA\u2019n\u0131n d\u00fczenledi\u011fi istisnai oturumda yapt\u0131\u011f\u0131 konu\u015fmada Castro; ABD idaresinin insan haklar\u0131na b\u00fcy\u00fck ihlallerini \u00f6rtbas etmek amac\u0131yla ba\u015fka h\u00fck\u00fcmetlere sald\u0131r\u0131 ve dayatmalarda bulundu\u011funa vurgu yapt\u0131.<\/p>\n<p>Castro ABD ve m\u00fcttefiklerinin ta\u015feron rejimleri edat olarak kullanarak d\u00fcnyan\u0131n muhtelif \u00fclkelerinde modern d\u00fcnyam\u0131z ve insanl\u0131\u011fa uygun olmayan dayatmalarda bulunduklar\u0131na dikkat \u00e7ekti. \u0130nsan haklar\u0131, demokrasi, \u00f6zg\u00fcrl\u00fck, g\u00fcvenlik ve istikrara tehdit yada daha ba\u015fka adland\u0131rmalar alt\u0131nda \u00f6ne s\u00fcr\u00fclen su\u00e7lamalar\u0131n asl\u0131 ger\u00e7e\u011fi olmad\u0131\u011f\u0131na vurgu yapan Castro, s\u00f6z konusu bu devletlerin d\u00fcnya g\u00fcvenli\u011fi ve istikrar\u0131na bizzat kendileri tehlike olu\u015fturduklar\u0131n\u0131n alt\u0131n\u0131 \u00e7izdi. Castro bu devletlerin ayn\u0131 zamanda insan haklar\u0131, demokrasi ve insani de\u011ferlerin t\u00fcm\u00fcne en b\u00fcy\u00fck ihlalleri bizzat kendileri yapt\u0131klar\u0131na dikkat \u00e7ekti.<\/p>\n<p>A.A. &#8211; R.H.<\/p>\n","protected":false},"excerpt":{"rendered":"<p>KARAKAS \u2013 K\u00fcba Ba\u015fkan\u0131 Raul Castro \u00fclkesinin, ABD ve dayatmalar\u0131na kar\u015f\u0131 Venez\u00fcella halk\u0131 ve ba\u015fkan\u0131na mutlak ve kararl\u0131 deste\u011fini bir kez daha vurgulad\u0131. Amerika K\u0131tas\u0131 halklar\u0131n\u0131n Bolivarc\u0131 ittifak\u0131 ALBA\u2019n\u0131n d\u00fczenledi\u011fi istisnai oturumda yapt\u0131\u011f\u0131 konu\u015fmada Castro; ABD idaresinin insan haklar\u0131na b\u00fcy\u00fck ihlallerini \u00f6rtbas etmek amac\u0131yla ba\u015fka h\u00fck\u00fcmetlere sald\u0131r\u0131 ve dayatmalarda bulundu\u011funa vurgu yapt\u0131. Castro ABD ve &hellip;<\/p>\n","protected":false},"author":1,"featured_media":27046,"comment_status":"closed","ping_status":"closed","sticky":false,"template":"","format":"standard","meta":{"footnotes":""},"categories":[458,459,447],"tags":[12743,12744],"class_list":["post-27045","post","type-post","status-publish","format-standard","has-post-thumbnail","","category-dunya1","category-haberler-arap-uluslararasi-politika","category-politika","tag-abd-insan-haklarina-ihlallerini-ortbas-etmek-icin-baska-hukumetlere-baski-uyguluyor-karakas-kuba-baskani-raul-castro-ulkesinin","tag-abd-ve-dayatmalarina-karsi-venezuella-halki-ve-baskanina-mutlak-ve-kararli-destegini-bir-kez-daha-vurguladi"],"_links":{"self":[{"href":"https:\/\/archive.sana.sy\/tr\/index.php?rest_route=\/wp\/v2\/posts\/27045","targetHints":{"allow":["GET"]}}],"collection":[{"href":"https:\/\/archive.sana.sy\/tr\/index.php?rest_route=\/wp\/v2\/posts"}],"about":[{"href":"https:\/\/archive.sana.sy\/tr\/index.php?rest_route=\/wp\/v2\/types\/post"}],"author":[{"embeddable":true,"href":"https:\/\/archive.sana.sy\/tr\/index.php?rest_route=\/wp\/v2\/users\/1"}],"replies":[{"embeddable":true,"href":"https:\/\/archive.sana.sy\/tr\/index.php?rest_route=%2Fwp%2Fv2%2Fcomments&post=27045"}],"version-history":[{"count":0,"href":"https:\/\/archive.sana.sy\/tr\/index.php?rest_route=\/wp\/v2\/posts\/27045\/revisions"}],"wp:featuredmedia":[{"embeddable":true,"href":"https:\/\/archive.sana.sy\/tr\/index.php?rest_route=\/wp\/v2\/media\/27046"}],"wp:attachment":[{"href":"https:\/\/archive.sana.sy\/tr\/index.php?rest_route=%2Fwp%2Fv2%2Fmedia&parent=27045"}],"wp:term":[{"taxonomy":"category","embeddable":true,"href":"https:\/\/archive.sana.sy\/tr\/index.php?rest_route=%2Fwp%2Fv2%2Fcategories&post=27045"},{"taxonomy":"post_tag","embeddable":true,"href":"https:\/\/archive.sana.sy\/tr\/index.php?rest_route=%2Fwp%2Fv2%2Ftags&post=27045"}],"curies":[{"name":"wp","href":"https:\/\/api.w.org\/{rel}","templated":true}]}}