{"id":270495,"date":"2023-01-04T13:57:06","date_gmt":"2023-01-04T11:57:06","guid":{"rendered":"http:\/\/107.6.182.27\/tr\/?p=270495"},"modified":"2023-01-07T08:26:57","modified_gmt":"2023-01-07T06:26:57","slug":"suriye-mescid-i-aksanin-yerlesimciler-ve-israilli-yetkililer-tarafindan-basilmasini-en-sert-sekilde-kinadi","status":"publish","type":"post","link":"https:\/\/archive.sana.sy\/tr\/?p=270495","title":{"rendered":"Suriye, Mescid-i Aksa&#8217;n\u0131n Yerle\u015fimciler Ve \u0130\u015fgalci \u0130srail Otoritelerce Bas\u0131lmas\u0131n\u0131 K\u0131nad\u0131"},"content":{"rendered":"<p><strong>\u015eAM<\/strong> &#8211; D\u0131\u015fi\u015fleri ve Gurbet\u00e7iler Bakanl\u0131\u011f\u0131, Mescid-i Aksa&#8217;ya yerle\u015fimciler ve \u0130srail i\u015fgal varl\u0131k otoriteleri taraf\u0131ndan yap\u0131lan bask\u0131n\u0131 en sert ifadelerle k\u0131nayarak, Birle\u015fmi\u015f Milletlerden bu ihlalleri k\u0131namas\u0131n\u0131 ve bunlar\u0131 durdurmak i\u00e7in \u00e7al\u0131\u015fmas\u0131 ve tekrarlanmamas\u0131n\u0131 sa\u011flamas\u0131n\u0131 talep etti.<\/p>\n<p>Bakanl\u0131k Twitter hesab\u0131ndan yapt\u0131\u011f\u0131 payla\u015f\u0131mda, \u2018\u2019Suriye, yerle\u015fimci s\u00fcr\u00fclerinin ve \u0130srail i\u015fgal varl\u0131\u011f\u0131 otoritelerinin i\u015fgal g\u00fc\u00e7lerinin korumas\u0131 alt\u0131nda Mescid-i Aksa&#8217;n\u0131n avlular\u0131na bask\u0131n yapmas\u0131n\u0131 en g\u00fc\u00e7l\u00fc \u015fekilde k\u0131n\u0131yor\u2019\u2019 dedi.<\/p>\n<p>Bakanl\u0131k a\u00e7\u0131klamas\u0131nda, bu provokatif uygulamalar\u0131n, Filistin&#8217;in kutsal mekanlar\u0131na sald\u0131rarak, kimliklerini yok etmeye ve ele ge\u00e7irmeye y\u00f6nelik bu i\u015fgalin sistematik politikas\u0131n\u0131n bir par\u00e7as\u0131 oldu\u011funu vurgulad\u0131.<\/p>\n<p>Bakanl\u0131k ayr\u0131ca, \u2018\u2019\u0130srail varl\u0131\u011f\u0131 ve onu destekleyen \u00fclkeler, bu t\u0131rmanman\u0131n ve sonu\u00e7lar\u0131n\u0131n t\u00fcm sorumlulu\u011funu \u00fcstlenirken Suriye, Birle\u015fmi\u015f Milletler&#8217;i bu ihlalleri k\u0131namaya, onlar\u0131 durdurmaya ve tekrarlanmamas\u0131n\u0131 sa\u011flamaya ve ba\u015fta Kud\u00fcs olmak \u00fczere i\u015fgal alt\u0131ndaki Filistin topraklar\u0131nda uluslararas\u0131 me\u015fruiyet kararlar\u0131n\u0131 uygulamaya davet ediyor\u201d idadelerini s\u00f6zlerine ekledi.<\/p>\n<p>D\u0131\u015fi\u015fleri Bakanl\u0131\u011f\u0131, Suriye&#8217;nin topraklar\u0131n\u0131 \u00f6zg\u00fcrle\u015ftirme, haklar\u0131n\u0131 geri kazanma ve kutsall\u0131klar\u0131n\u0131 koruma m\u00fccadelelerinde Filistin halk\u0131na verdi\u011fi deste\u011fi vurgulad\u0131.<\/p>\n<p>R.M.<\/p>\n<p><a href=\"https:\/\/t.me\/SuriyeArapHaberAjansI\">Telgram Kanal\u0131m\u0131z\u00a0<\/a><\/p>\n<p><a href=\"https:\/\/www.facebook.com\/SANAHaberAjansi\/\">Facebook Sayfam\u0131z<\/a><\/p>\n","protected":false},"excerpt":{"rendered":"<p>\u015eAM &#8211; D\u0131\u015fi\u015fleri ve Gurbet\u00e7iler Bakanl\u0131\u011f\u0131, Mescid-i Aksa&#8217;ya yerle\u015fimciler ve \u0130srail i\u015fgal varl\u0131k otoriteleri taraf\u0131ndan yap\u0131lan bask\u0131n\u0131 en sert ifadelerle k\u0131nayarak, Birle\u015fmi\u015f Milletlerden bu ihlalleri k\u0131namas\u0131n\u0131 ve bunlar\u0131 durdurmak i\u00e7in \u00e7al\u0131\u015fmas\u0131 ve tekrarlanmamas\u0131n\u0131 sa\u011flamas\u0131n\u0131 talep etti. Bakanl\u0131k Twitter hesab\u0131ndan yapt\u0131\u011f\u0131 payla\u015f\u0131mda, \u2018\u2019Suriye, yerle\u015fimci s\u00fcr\u00fclerinin ve \u0130srail i\u015fgal varl\u0131\u011f\u0131 otoritelerinin i\u015fgal g\u00fc\u00e7lerinin korumas\u0131 alt\u0131nda Mescid-i Aksa&#8217;n\u0131n &hellip;<\/p>\n","protected":false},"author":41,"featured_media":270496,"comment_status":"closed","ping_status":"closed","sticky":false,"template":"","format":"standard","meta":{"footnotes":""},"categories":[479,17988,478],"tags":[],"class_list":["post-270495","post","type-post","status-publish","format-standard","has-post-thumbnail","","category-haberler-yerel","category-son-haberler","category-yerel"],"_links":{"self":[{"href":"https:\/\/archive.sana.sy\/tr\/index.php?rest_route=\/wp\/v2\/posts\/270495","targetHints":{"allow":["GET"]}}],"collection":[{"href":"https:\/\/archive.sana.sy\/tr\/index.php?rest_route=\/wp\/v2\/posts"}],"about":[{"href":"https:\/\/archive.sana.sy\/tr\/index.php?rest_route=\/wp\/v2\/types\/post"}],"author":[{"embeddable":true,"href":"https:\/\/archive.sana.sy\/tr\/index.php?rest_route=\/wp\/v2\/users\/41"}],"replies":[{"embeddable":true,"href":"https:\/\/archive.sana.sy\/tr\/index.php?rest_route=%2Fwp%2Fv2%2Fcomments&post=270495"}],"version-history":[{"count":0,"href":"https:\/\/archive.sana.sy\/tr\/index.php?rest_route=\/wp\/v2\/posts\/270495\/revisions"}],"wp:featuredmedia":[{"embeddable":true,"href":"https:\/\/archive.sana.sy\/tr\/index.php?rest_route=\/wp\/v2\/media\/270496"}],"wp:attachment":[{"href":"https:\/\/archive.sana.sy\/tr\/index.php?rest_route=%2Fwp%2Fv2%2Fmedia&parent=270495"}],"wp:term":[{"taxonomy":"category","embeddable":true,"href":"https:\/\/archive.sana.sy\/tr\/index.php?rest_route=%2Fwp%2Fv2%2Fcategories&post=270495"},{"taxonomy":"post_tag","embeddable":true,"href":"https:\/\/archive.sana.sy\/tr\/index.php?rest_route=%2Fwp%2Fv2%2Ftags&post=270495"}],"curies":[{"name":"wp","href":"https:\/\/api.w.org\/{rel}","templated":true}]}}