{"id":27050,"date":"2015-03-20T14:58:38","date_gmt":"2015-03-20T12:58:38","guid":{"rendered":"http:\/\/www.sana.sy\/tr\/?p=27050"},"modified":"2015-03-20T14:58:38","modified_gmt":"2015-03-20T12:58:38","slug":"muhtelif-bolgelerden-89-kanun-kacagi-silahlariyla-teslim-oldu","status":"publish","type":"post","link":"https:\/\/archive.sana.sy\/tr\/?p=27050","title":{"rendered":"Muhtelif B\u00f6lgelerden 89 Kanun Ka\u00e7a\u011f\u0131 Silahlar\u0131yla Teslim Oldu"},"content":{"rendered":"<p>\u0130LLER \u2013 \u015eam ve k\u0131rsal\u0131yla birlikte Hama, Homs, Rakka, Haseke ve Kunaytra illerinin muhtelif b\u00f6lgelerinden 89 kanun ka\u00e7a\u011f\u0131 bug\u00fcn silahlar\u0131yla birlikte ilgili g\u00fcvenlik kurumlar\u0131na teslim oldu.<\/p>\n<p>Teslim olanlar ter\u00f6r saflar\u0131na kat\u0131lmaktan pi\u015fmanl\u0131klar\u0131n\u0131 ifade ederken, vatan kuca\u011f\u0131na yeniden d\u00f6nmek i\u00e7in af karar\u0131 kapsam\u0131nda kanuni durumlar\u0131n\u0131n yeniden d\u00fczenlenmesi arzular\u0131n\u0131 belirtti.<\/p>\n<p>A.A. &#8211; R.H.<\/p>\n","protected":false},"excerpt":{"rendered":"<p>\u0130LLER \u2013 \u015eam ve k\u0131rsal\u0131yla birlikte Hama, Homs, Rakka, Haseke ve Kunaytra illerinin muhtelif b\u00f6lgelerinden 89 kanun ka\u00e7a\u011f\u0131 bug\u00fcn silahlar\u0131yla birlikte ilgili g\u00fcvenlik kurumlar\u0131na teslim oldu. Teslim olanlar ter\u00f6r saflar\u0131na kat\u0131lmaktan pi\u015fmanl\u0131klar\u0131n\u0131 ifade ederken, vatan kuca\u011f\u0131na yeniden d\u00f6nmek i\u00e7in af karar\u0131 kapsam\u0131nda kanuni durumlar\u0131n\u0131n yeniden d\u00fczenlenmesi arzular\u0131n\u0131 belirtti. A.A. &#8211; R.H.<\/p>\n","protected":false},"author":1,"featured_media":27051,"comment_status":"closed","ping_status":"closed","sticky":false,"template":"","format":"standard","meta":{"footnotes":""},"categories":[479,575,478],"tags":[12746,1293,12747,2493],"class_list":["post-27050","post","type-post","status-publish","format-standard","has-post-thumbnail","","category-haberler-yerel","category-olaylar-ve-gercekler","category-yerel","tag-haseke-ve-kunaytra-illerinin-muhtelif-bolgelerinden-89-kanun-kacagi-bugun-silahlariyla-birlikte-ilgili-guvenlik-kurumlarina-teslim-oldu","tag-homs","tag-muhtelif-bolgelerden-89-kanun-kacagi-silahlariyla-teslim-oldu-iller-sam-ve-kirsaliyla-birlikte-hama","tag-rakka"],"_links":{"self":[{"href":"https:\/\/archive.sana.sy\/tr\/index.php?rest_route=\/wp\/v2\/posts\/27050","targetHints":{"allow":["GET"]}}],"collection":[{"href":"https:\/\/archive.sana.sy\/tr\/index.php?rest_route=\/wp\/v2\/posts"}],"about":[{"href":"https:\/\/archive.sana.sy\/tr\/index.php?rest_route=\/wp\/v2\/types\/post"}],"author":[{"embeddable":true,"href":"https:\/\/archive.sana.sy\/tr\/index.php?rest_route=\/wp\/v2\/users\/1"}],"replies":[{"embeddable":true,"href":"https:\/\/archive.sana.sy\/tr\/index.php?rest_route=%2Fwp%2Fv2%2Fcomments&post=27050"}],"version-history":[{"count":0,"href":"https:\/\/archive.sana.sy\/tr\/index.php?rest_route=\/wp\/v2\/posts\/27050\/revisions"}],"wp:featuredmedia":[{"embeddable":true,"href":"https:\/\/archive.sana.sy\/tr\/index.php?rest_route=\/wp\/v2\/media\/27051"}],"wp:attachment":[{"href":"https:\/\/archive.sana.sy\/tr\/index.php?rest_route=%2Fwp%2Fv2%2Fmedia&parent=27050"}],"wp:term":[{"taxonomy":"category","embeddable":true,"href":"https:\/\/archive.sana.sy\/tr\/index.php?rest_route=%2Fwp%2Fv2%2Fcategories&post=27050"},{"taxonomy":"post_tag","embeddable":true,"href":"https:\/\/archive.sana.sy\/tr\/index.php?rest_route=%2Fwp%2Fv2%2Ftags&post=27050"}],"curies":[{"name":"wp","href":"https:\/\/api.w.org\/{rel}","templated":true}]}}