{"id":270503,"date":"2023-01-04T14:45:03","date_gmt":"2023-01-04T12:45:03","guid":{"rendered":"http:\/\/107.6.182.27\/tr\/?p=270503"},"modified":"2023-01-05T07:12:04","modified_gmt":"2023-01-05T05:12:04","slug":"bogdanov-caferi-ile-suriyedeki-durumu-gorustu","status":"publish","type":"post","link":"https:\/\/archive.sana.sy\/tr\/?p=270503","title":{"rendered":"Bogdanov, Caferi ile Suriye&#8217;deki Durumu G\u00f6r\u00fc\u015ft\u00fc"},"content":{"rendered":"<p><strong>MOSKOVA<\/strong> &#8211; Rusya Devlet Ba\u015fkan\u0131&#8217;n\u0131n Ortado\u011fu ve Afrika \u00dclkeleri \u00d6zel Temsilcisi D\u0131\u015fi\u015fleri Bakan Yard\u0131mc\u0131s\u0131 Mihail Bogdanov, Suriye&#8217;nin Moskova B\u00fcy\u00fckel\u00e7isi Be\u015f\u015far Caferi ile Suriye&#8217;deki son geli\u015fmeleri g\u00f6r\u00fc\u015ft\u00fc.<\/p>\n<p>Rusya D\u0131\u015fi\u015fleri Bakanl\u0131\u011f\u0131&#8217;ndan bug\u00fcn yap\u0131lan a\u00e7\u0131klamaya g\u00f6re, g\u00f6r\u00fc\u015fmede Suriye&#8217;nin birli\u011fi, toprak b\u00fct\u00fcnl\u00fc\u011f\u00fc ve egemenli\u011fi ilkeleri \u00e7er\u00e7evesinde Suriye ve \u00e7evresindeki genel durum ele al\u0131nd\u0131.<\/p>\n<p>R.M.<\/p>\n<p><a href=\"https:\/\/t.me\/SuriyeArapHaberAjansI\">Telgram Kanal\u0131m\u0131z\u00a0<\/a><\/p>\n<p><a href=\"https:\/\/www.facebook.com\/SANAHaberAjansi\/\">Facebook Sayfam\u0131z<\/a><\/p>\n","protected":false},"excerpt":{"rendered":"<p>MOSKOVA &#8211; Rusya Devlet Ba\u015fkan\u0131&#8217;n\u0131n Ortado\u011fu ve Afrika \u00dclkeleri \u00d6zel Temsilcisi D\u0131\u015fi\u015fleri Bakan Yard\u0131mc\u0131s\u0131 Mihail Bogdanov, Suriye&#8217;nin Moskova B\u00fcy\u00fckel\u00e7isi Be\u015f\u015far Caferi ile Suriye&#8217;deki son geli\u015fmeleri g\u00f6r\u00fc\u015ft\u00fc. Rusya D\u0131\u015fi\u015fleri Bakanl\u0131\u011f\u0131&#8217;ndan bug\u00fcn yap\u0131lan a\u00e7\u0131klamaya g\u00f6re, g\u00f6r\u00fc\u015fmede Suriye&#8217;nin birli\u011fi, toprak b\u00fct\u00fcnl\u00fc\u011f\u00fc ve egemenli\u011fi ilkeleri \u00e7er\u00e7evesinde Suriye ve \u00e7evresindeki genel durum ele al\u0131nd\u0131. R.M. Telgram Kanal\u0131m\u0131z\u00a0 Facebook Sayfam\u0131z<\/p>\n","protected":false},"author":41,"featured_media":270506,"comment_status":"closed","ping_status":"closed","sticky":false,"template":"","format":"standard","meta":{"footnotes":""},"categories":[458,459,17988],"tags":[],"class_list":["post-270503","post","type-post","status-publish","format-standard","has-post-thumbnail","","category-dunya1","category-haberler-arap-uluslararasi-politika","category-son-haberler"],"_links":{"self":[{"href":"https:\/\/archive.sana.sy\/tr\/index.php?rest_route=\/wp\/v2\/posts\/270503","targetHints":{"allow":["GET"]}}],"collection":[{"href":"https:\/\/archive.sana.sy\/tr\/index.php?rest_route=\/wp\/v2\/posts"}],"about":[{"href":"https:\/\/archive.sana.sy\/tr\/index.php?rest_route=\/wp\/v2\/types\/post"}],"author":[{"embeddable":true,"href":"https:\/\/archive.sana.sy\/tr\/index.php?rest_route=\/wp\/v2\/users\/41"}],"replies":[{"embeddable":true,"href":"https:\/\/archive.sana.sy\/tr\/index.php?rest_route=%2Fwp%2Fv2%2Fcomments&post=270503"}],"version-history":[{"count":0,"href":"https:\/\/archive.sana.sy\/tr\/index.php?rest_route=\/wp\/v2\/posts\/270503\/revisions"}],"wp:featuredmedia":[{"embeddable":true,"href":"https:\/\/archive.sana.sy\/tr\/index.php?rest_route=\/wp\/v2\/media\/270506"}],"wp:attachment":[{"href":"https:\/\/archive.sana.sy\/tr\/index.php?rest_route=%2Fwp%2Fv2%2Fmedia&parent=270503"}],"wp:term":[{"taxonomy":"category","embeddable":true,"href":"https:\/\/archive.sana.sy\/tr\/index.php?rest_route=%2Fwp%2Fv2%2Fcategories&post=270503"},{"taxonomy":"post_tag","embeddable":true,"href":"https:\/\/archive.sana.sy\/tr\/index.php?rest_route=%2Fwp%2Fv2%2Ftags&post=270503"}],"curies":[{"name":"wp","href":"https:\/\/api.w.org\/{rel}","templated":true}]}}