{"id":270514,"date":"2023-01-04T14:00:09","date_gmt":"2023-01-04T12:00:09","guid":{"rendered":"http:\/\/107.6.182.27\/tr\/?p=270514"},"modified":"2023-01-05T07:11:57","modified_gmt":"2023-01-05T05:11:57","slug":"bilad-el-sam-ulemalar-birligi-israilin-mescid-i-aksayi-isgal-etmesinin-tekrarlanan-ihlallerini-kinadi","status":"publish","type":"post","link":"https:\/\/archive.sana.sy\/tr\/?p=270514","title":{"rendered":"Bilad El \u015eam Ulemalar Birli\u011fi, \u0130srail \u0130\u015fgalinin Mescid-i Aksa&#8217;y\u0131 \u0130\u015fgal Etmesinin Tekrarlanan \u0130hlallerini K\u0131nad\u0131"},"content":{"rendered":"<p><strong>\u015eAM<\/strong> &#8211; Bilad El \u015eam Ulemalar Birli\u011fi, \u0130srail i\u015fgal varl\u0131\u011f\u0131n\u0131n m\u00fcbarek Mescid-i Aksa&#8217;ya bask\u0131n d\u00fczenleyerek i\u015fledi\u011fi i\u011fren\u00e7 su\u00e7u defalarca k\u0131nayarak, uluslararas\u0131 toplumu \u015f\u00fcpheli sessizli\u011fini bozmaya ve i\u015fgalcilerin \u0130slam ve Hristiyan kutsallar\u0131na kar\u015f\u0131 i\u015fledi\u011fi su\u00e7lar\u0131 durdurmak i\u00e7in gerekli \u00f6nlemleri almaya \u00e7a\u011f\u0131rd\u0131.<\/p>\n<p>Birlik yapt\u0131\u011f\u0131 a\u00e7\u0131klamada, ibadet ve dini uygulamalarda \u00f6zg\u00fcrl\u00fck ve insan haklar\u0131na sayg\u0131 g\u00f6sterilmesini talep eden d\u00fcnyan\u0131n bir\u00e7ok \u00fclkesinin olup bitenler hakk\u0131ndaki \u015f\u00fcpheli sessizli\u011fini ve utan\u00e7 verici su\u00e7 ortakl\u0131\u011f\u0131n\u0131 onaylamad\u0131\u011f\u0131n\u0131 ve \u015fa\u015fk\u0131nl\u0131\u011f\u0131n\u0131 dile getirerek, bu uygulamalar\u0131n i\u015fgalin su\u00e7lar\u0131na ortak oldu\u011funu g\u00f6sterdi\u011fini vurgulad\u0131.<\/p>\n<p>Birlik ayr\u0131ca, su\u00e7lu Siyonistlerin insanlara, ta\u015flara, \u0130slam ve Hristiyan ibadethanelerine kar\u015f\u0131 cayd\u0131r\u0131c\u0131l\u0131k olmaks\u0131z\u0131n kutsall\u0131k ihlallerinin uluslararas\u0131 toplum nezdinde devam etti\u011fine dikkat \u00e7ekti.<\/p>\n<p>R.M.<\/p>\n<p><a href=\"https:\/\/t.me\/SuriyeArapHaberAjansI\">Telgram Kanal\u0131m\u0131z\u00a0<\/a><\/p>\n<p><a href=\"https:\/\/www.facebook.com\/SANAHaberAjansi\/\">Facebook Sayfam\u0131z<\/a><\/p>\n","protected":false},"excerpt":{"rendered":"<p>\u015eAM &#8211; Bilad El \u015eam Ulemalar Birli\u011fi, \u0130srail i\u015fgal varl\u0131\u011f\u0131n\u0131n m\u00fcbarek Mescid-i Aksa&#8217;ya bask\u0131n d\u00fczenleyerek i\u015fledi\u011fi i\u011fren\u00e7 su\u00e7u defalarca k\u0131nayarak, uluslararas\u0131 toplumu \u015f\u00fcpheli sessizli\u011fini bozmaya ve i\u015fgalcilerin \u0130slam ve Hristiyan kutsallar\u0131na kar\u015f\u0131 i\u015fledi\u011fi su\u00e7lar\u0131 durdurmak i\u00e7in gerekli \u00f6nlemleri almaya \u00e7a\u011f\u0131rd\u0131. Birlik yapt\u0131\u011f\u0131 a\u00e7\u0131klamada, ibadet ve dini uygulamalarda \u00f6zg\u00fcrl\u00fck ve insan haklar\u0131na sayg\u0131 g\u00f6sterilmesini talep eden &hellip;<\/p>\n","protected":false},"author":41,"featured_media":270515,"comment_status":"closed","ping_status":"closed","sticky":false,"template":"","format":"standard","meta":{"footnotes":""},"categories":[479,17988,478],"tags":[],"class_list":["post-270514","post","type-post","status-publish","format-standard","has-post-thumbnail","","category-haberler-yerel","category-son-haberler","category-yerel"],"_links":{"self":[{"href":"https:\/\/archive.sana.sy\/tr\/index.php?rest_route=\/wp\/v2\/posts\/270514","targetHints":{"allow":["GET"]}}],"collection":[{"href":"https:\/\/archive.sana.sy\/tr\/index.php?rest_route=\/wp\/v2\/posts"}],"about":[{"href":"https:\/\/archive.sana.sy\/tr\/index.php?rest_route=\/wp\/v2\/types\/post"}],"author":[{"embeddable":true,"href":"https:\/\/archive.sana.sy\/tr\/index.php?rest_route=\/wp\/v2\/users\/41"}],"replies":[{"embeddable":true,"href":"https:\/\/archive.sana.sy\/tr\/index.php?rest_route=%2Fwp%2Fv2%2Fcomments&post=270514"}],"version-history":[{"count":0,"href":"https:\/\/archive.sana.sy\/tr\/index.php?rest_route=\/wp\/v2\/posts\/270514\/revisions"}],"wp:featuredmedia":[{"embeddable":true,"href":"https:\/\/archive.sana.sy\/tr\/index.php?rest_route=\/wp\/v2\/media\/270515"}],"wp:attachment":[{"href":"https:\/\/archive.sana.sy\/tr\/index.php?rest_route=%2Fwp%2Fv2%2Fmedia&parent=270514"}],"wp:term":[{"taxonomy":"category","embeddable":true,"href":"https:\/\/archive.sana.sy\/tr\/index.php?rest_route=%2Fwp%2Fv2%2Fcategories&post=270514"},{"taxonomy":"post_tag","embeddable":true,"href":"https:\/\/archive.sana.sy\/tr\/index.php?rest_route=%2Fwp%2Fv2%2Ftags&post=270514"}],"curies":[{"name":"wp","href":"https:\/\/api.w.org\/{rel}","templated":true}]}}