{"id":270521,"date":"2023-01-04T14:37:45","date_gmt":"2023-01-04T12:37:45","guid":{"rendered":"http:\/\/107.6.182.27\/tr\/?p=270521"},"modified":"2023-01-05T07:12:01","modified_gmt":"2023-01-05T05:12:01","slug":"zakharova-bircok-ulke-ukrayna-krizinin-cozumune-yardim-etmeye-hazir","status":"publish","type":"post","link":"https:\/\/archive.sana.sy\/tr\/?p=270521","title":{"rendered":"Zakharova: Bir\u00e7ok \u00dclke Ukrayna Krizinin \u00c7\u00f6z\u00fcm\u00fcne Yard\u0131m Etmeye Haz\u0131r"},"content":{"rendered":"<p><strong>MOSKOVA<\/strong> &#8211; Rusya D\u0131\u015fi\u015fleri Bakanl\u0131\u011f\u0131 resmi s\u00f6zc\u00fcs\u00fc Maria Zakharova, bir\u00e7ok \u00fclkenin Ukrayna krizinin \u00e7\u00f6z\u00fcm\u00fcne kat\u0131lma iste\u011fini dile getirdi\u011fini, baz\u0131lar\u0131n\u0131n do\u011frudan arabuluculuk hizmeti sundu\u011funu belirtti.<\/p>\n<p>Zakharova bug\u00fcn gazetecilere yapt\u0131\u011f\u0131 a\u00e7\u0131klamada, baz\u0131lar\u0131n\u0131n bunu i\u00e7tenlikle yapt\u0131\u011f\u0131n\u0131, baz\u0131lar\u0131n\u0131n ise kendisi i\u00e7in siyasi kazan\u0131mlar elde etmeye \u00e7al\u0131\u015ft\u0131\u011f\u0131n\u0131 kaydederek, \u2018\u2019Ukrayna&#8217;daki \u00f6zel askeri operasyonun ba\u015flang\u0131c\u0131ndan bu yana Rusya&#8217;ya kar\u015f\u0131 \u00e7ok agresif bir tav\u0131r sergileyen \u00fclkelerden arabuluculuk teklifleri duymak bizim i\u00e7in garip&#8221; dedi.<\/p>\n<p>Zakharova yapt\u0131\u011f\u0131 a\u00e7\u0131klamada, bu sorumsuz eylemlerin, Donbass&#8217;taki sivil halk da dahil olmak \u00fczere kurban say\u0131s\u0131n\u0131 ikiye katlamakla kalmay\u0131p, \u00e7at\u0131\u015fman\u0131n sona ermesini geciktirdi\u011fini kaydetti ve Kiev rejimine y\u00f6nelik askeri deste\u011fin durdurulmas\u0131 ve \u00e7abalar\u0131n Ukrayna krizinin bar\u0131\u015f\u00e7\u0131l \u00e7\u00f6z\u00fcm\u00fcne odaklanmas\u0131 gerekti\u011fini vurgulad\u0131.<\/p>\n<p>R.M.<\/p>\n<p><a href=\"https:\/\/t.me\/SuriyeArapHaberAjansI\">Telgram Kanal\u0131m\u0131z\u00a0<\/a><\/p>\n<p><a href=\"https:\/\/www.facebook.com\/SANAHaberAjansi\/\">Facebook Sayfam\u0131z<\/a><\/p>\n","protected":false},"excerpt":{"rendered":"<p>MOSKOVA &#8211; Rusya D\u0131\u015fi\u015fleri Bakanl\u0131\u011f\u0131 resmi s\u00f6zc\u00fcs\u00fc Maria Zakharova, bir\u00e7ok \u00fclkenin Ukrayna krizinin \u00e7\u00f6z\u00fcm\u00fcne kat\u0131lma iste\u011fini dile getirdi\u011fini, baz\u0131lar\u0131n\u0131n do\u011frudan arabuluculuk hizmeti sundu\u011funu belirtti. Zakharova bug\u00fcn gazetecilere yapt\u0131\u011f\u0131 a\u00e7\u0131klamada, baz\u0131lar\u0131n\u0131n bunu i\u00e7tenlikle yapt\u0131\u011f\u0131n\u0131, baz\u0131lar\u0131n\u0131n ise kendisi i\u00e7in siyasi kazan\u0131mlar elde etmeye \u00e7al\u0131\u015ft\u0131\u011f\u0131n\u0131 kaydederek, \u2018\u2019Ukrayna&#8217;daki \u00f6zel askeri operasyonun ba\u015flang\u0131c\u0131ndan bu yana Rusya&#8217;ya kar\u015f\u0131 \u00e7ok agresif bir &hellip;<\/p>\n","protected":false},"author":41,"featured_media":270522,"comment_status":"closed","ping_status":"closed","sticky":false,"template":"","format":"standard","meta":{"footnotes":""},"categories":[458,459,17988],"tags":[],"class_list":["post-270521","post","type-post","status-publish","format-standard","has-post-thumbnail","","category-dunya1","category-haberler-arap-uluslararasi-politika","category-son-haberler"],"_links":{"self":[{"href":"https:\/\/archive.sana.sy\/tr\/index.php?rest_route=\/wp\/v2\/posts\/270521","targetHints":{"allow":["GET"]}}],"collection":[{"href":"https:\/\/archive.sana.sy\/tr\/index.php?rest_route=\/wp\/v2\/posts"}],"about":[{"href":"https:\/\/archive.sana.sy\/tr\/index.php?rest_route=\/wp\/v2\/types\/post"}],"author":[{"embeddable":true,"href":"https:\/\/archive.sana.sy\/tr\/index.php?rest_route=\/wp\/v2\/users\/41"}],"replies":[{"embeddable":true,"href":"https:\/\/archive.sana.sy\/tr\/index.php?rest_route=%2Fwp%2Fv2%2Fcomments&post=270521"}],"version-history":[{"count":0,"href":"https:\/\/archive.sana.sy\/tr\/index.php?rest_route=\/wp\/v2\/posts\/270521\/revisions"}],"wp:featuredmedia":[{"embeddable":true,"href":"https:\/\/archive.sana.sy\/tr\/index.php?rest_route=\/wp\/v2\/media\/270522"}],"wp:attachment":[{"href":"https:\/\/archive.sana.sy\/tr\/index.php?rest_route=%2Fwp%2Fv2%2Fmedia&parent=270521"}],"wp:term":[{"taxonomy":"category","embeddable":true,"href":"https:\/\/archive.sana.sy\/tr\/index.php?rest_route=%2Fwp%2Fv2%2Fcategories&post=270521"},{"taxonomy":"post_tag","embeddable":true,"href":"https:\/\/archive.sana.sy\/tr\/index.php?rest_route=%2Fwp%2Fv2%2Ftags&post=270521"}],"curies":[{"name":"wp","href":"https:\/\/api.w.org\/{rel}","templated":true}]}}