{"id":270526,"date":"2023-01-04T18:26:12","date_gmt":"2023-01-04T16:26:12","guid":{"rendered":"http:\/\/107.6.182.27\/tr\/?p=270526"},"modified":"2023-01-07T08:27:19","modified_gmt":"2023-01-07T06:27:19","slug":"cumhurbaskani-esad-seyh-abdullah-bin-zayid-al-nahyan-ile-bir-araya-geldi-gorusme-suriye-ile-bae-arasindaki-seckin-kardeslik-iliskileri-ve-bunlari-gelistirmenin-yollarini-ele-aldi","status":"publish","type":"post","link":"https:\/\/archive.sana.sy\/tr\/?p=270526","title":{"rendered":"Cumhurba\u015fkan\u0131 Esad BAE D\u0131\u015fi\u015fleri Bakan\u0131 \u015eeyh Al Nahyan&#8217;\u0131 Kabul Etti"},"content":{"rendered":"<p><strong>\u015eAM<\/strong>&#8211; Cumhurba\u015fkan\u0131 Be\u015f\u015far Esad, Birle\u015fik Arap Emirlikleri D\u0131\u015fi\u015fleri ve Uluslararas\u0131 \u0130\u015fbirli\u011fi Bakan\u0131 \u015eeyh Abdullah bin Zayid Al Nahyan ve beraberindeki heyet ile Suriye\u2019yi ve Birle\u015fik Arap Emirlikleri\u2019ni birle\u015ftiren se\u00e7kin karde\u015flik ili\u015fkileri ve aras\u0131nda \u00e7e\u015fitli alanlarda mevcut i\u015fbilri\u011fi ve \u0130ki karde\u015f \u00fclke ve halklar\u0131n yarar\u0131na ekonomik ve ticari ili\u015fkileri geli\u015ftirmenin yollar\u0131n\u0131 g\u00f6r\u00fc\u015ft\u00fc. \u00a0G\u00f6r\u00fc\u015fmede ayr\u0131ca, b\u00f6lgesel ve uluslararas\u0131 geli\u015fmeler de ele al\u0131nd\u0131.<\/p>\n<p>Cumhurba\u015fkan\u0131 Esad, Suriye ile Birle\u015fik Arap Emirlikleri aras\u0131ndaki ili\u015fkilerin tarihi oldu\u011funu ve iki \u00fclkenin ve iki halk\u0131n \u00e7\u0131karlar\u0131na hizmet etmek amac\u0131yla \u00a0b\u00f6lgesel meselelerin menfaati ve bu meselelerde istikrar\u0131n tesisi i\u00e7in on y\u0131llard\u0131r karakterize ettikleri derinliklerine d\u00f6nmelerinin do\u011fal oldu\u011funu vurgulayarak, BAE&#8217;nin \u00f6nemine ve Arap b\u00f6lgesinde oynad\u0131\u011f\u0131 olumlu rol\u00fcne dikkat \u00e7ekti.<\/p>\n<p>Konuk bakan, Birle\u015fik Arap Emirlikleri Ba\u015fkan\u0131 \u015eeyh Muhammed bin Zayid Al Nahyan ve Devlet Ba\u015fkan Yard\u0131mc\u0131s\u0131 \u015eeyh Muhammed bin Ra\u015fid Al Maktum&#8217;un selamlar\u0131n\u0131 Cumhurba\u015fkan\u0131 Esad&#8217;a iletti ve BAE&#8217;nin iki \u00fclke aras\u0131ndaki i\u015fbirli\u011fini geli\u015ftirmeye ve ufkunu geni\u015fletmeye ve \u00e7e\u015fitli konularda Suriye ile isti\u015fare ve koordinasyonu s\u00fcrd\u00fcrmeye istekli oldu\u011funu vurgulad\u0131.<\/p>\n<p>\u015eeyh Abdullah bin Zayid, \u00fclkesinin Suriye&#8217;nin istikrar\u0131na ve t\u00fcm topraklar\u0131 \u00fczerindeki egemenli\u011fine verdi\u011fi deste\u011fi vurgulayarak, \u00a0BAE&#8217;nin, Suriye halk\u0131n\u0131n iradesi sayesinde \u00fclkelerine r\u00f6nesans\u0131n\u0131, geli\u015fimini ve refah\u0131n\u0131 bir kez daha geri getirebilece\u011fine olan g\u00fcvenini ifade etti.<\/p>\n<p>\u015eeyh Abdullah Bin Zayid Al Nahyan, Y\u00fcksek Ulusal G\u00fcvenlik Konseyi Genel Sekterer Yard\u0131mc\u0131s\u0131 Ali Bin Hammad El \u015eamsi, BAE&#8217;nin Ekonomik ve Ticari \u0130\u015flerden Sorumlu D\u0131\u015fi\u015fleri Bakan Yard\u0131mc\u0131s\u0131 Say\u0131n Said M\u00fcbarek ve BAE D\u0131\u015fi\u015fleri Bakanl\u0131\u011f\u0131ndan bir dizi yetkili ile birlikte \u015eam\u2019a bug\u00fcn \u00f6\u011fleden sonra geldi.<\/p>\n<p>G\u00f6r\u00fc\u015fmeye, Suriye taraf\u0131ndan D\u0131\u015fi\u015fleri ve Gurbet\u00e7iler Bakan\u0131 Dr. Faysal Mikdad, Cumhurba\u015fkanl\u0131\u011f\u0131 \u0130\u015fleri Bakan\u0131 Mensur Azzam ve D\u0131\u015fi\u015fleri ve Gurbet\u00e7iler Bakan Yard\u0131mc\u0131s\u0131 Dr. Ayman Sosan kat\u0131ld\u0131.<\/p>\n<p><iframe loading=\"lazy\" title=\"\u0627\u0644\u0631\u0626\u064a\u0633 \u0627\u0644\u0623\u0633\u062f \u064a\u0633\u062a\u0642\u0628\u0644 \u0633\u0645\u0648 \u0627\u0644\u0634\u064a\u062e \u0639\u0628\u062f \u0627\u0644\u0644\u0647 \u0628\u0646 \u0632\u0627\u064a\u062f \u0622\u0644 \u0646\u0647\u064a\u0627\u0646 \u0648\u0632\u064a\u0631 \u0627\u0644\u062e\u0627\u0631\u062c\u064a\u0629 \u0628\u062f\u0648\u0644\u0629 \u0627\u0644\u0625\u0645\u0627\u0631\u0627\u062a\" width=\"618\" height=\"348\" src=\"https:\/\/www.youtube.com\/embed\/cs43GupEMSA?feature=oembed\" frameborder=\"0\" allow=\"accelerometer; autoplay; clipboard-write; encrypted-media; gyroscope; picture-in-picture; web-share\" referrerpolicy=\"strict-origin-when-cross-origin\" allowfullscreen><\/iframe><\/p>\n<div id='gallery-1' class='gallery galleryid-270526 gallery-columns-1 gallery-size-full'><figure class='gallery-item'>\n\t\t\t<div class='gallery-icon landscape'>\n\t\t\t\t<a href='https:\/\/archive.sana.sy\/tr\/?attachment_id=270536'><img loading=\"lazy\" decoding=\"async\" width=\"660\" height=\"412\" src=\"https:\/\/archive.sana.sy\/tr\/wp-content\/uploads\/2023\/01\/1-copy-1-1.jpg\" class=\"attachment-full size-full\" alt=\"\" srcset=\"https:\/\/archive.sana.sy\/tr\/wp-content\/uploads\/2023\/01\/1-copy-1-1.jpg 660w, https:\/\/archive.sana.sy\/tr\/wp-content\/uploads\/2023\/01\/1-copy-1-1-300x187.jpg 300w, https:\/\/archive.sana.sy\/tr\/wp-content\/uploads\/2023\/01\/1-copy-1-1-150x94.jpg 150w\" sizes=\"auto, (max-width: 660px) 100vw, 660px\" \/><\/a>\n\t\t\t<\/div><\/figure><figure class='gallery-item'>\n\t\t\t<div class='gallery-icon landscape'>\n\t\t\t\t<a href='https:\/\/archive.sana.sy\/tr\/?attachment_id=270534'><img loading=\"lazy\" decoding=\"async\" width=\"660\" height=\"390\" src=\"https:\/\/archive.sana.sy\/tr\/wp-content\/uploads\/2023\/01\/8-copy-1.jpg\" class=\"attachment-full size-full\" alt=\"\" srcset=\"https:\/\/archive.sana.sy\/tr\/wp-content\/uploads\/2023\/01\/8-copy-1.jpg 660w, https:\/\/archive.sana.sy\/tr\/wp-content\/uploads\/2023\/01\/8-copy-1-300x177.jpg 300w, https:\/\/archive.sana.sy\/tr\/wp-content\/uploads\/2023\/01\/8-copy-1-150x89.jpg 150w\" sizes=\"auto, (max-width: 660px) 100vw, 660px\" \/><\/a>\n\t\t\t<\/div><\/figure><figure class='gallery-item'>\n\t\t\t<div class='gallery-icon landscape'>\n\t\t\t\t<a href='https:\/\/archive.sana.sy\/tr\/?attachment_id=270535'><img loading=\"lazy\" decoding=\"async\" width=\"660\" height=\"348\" src=\"https:\/\/archive.sana.sy\/tr\/wp-content\/uploads\/2023\/01\/4-copy-1-1.jpg\" class=\"attachment-full size-full\" alt=\"\" srcset=\"https:\/\/archive.sana.sy\/tr\/wp-content\/uploads\/2023\/01\/4-copy-1-1.jpg 660w, https:\/\/archive.sana.sy\/tr\/wp-content\/uploads\/2023\/01\/4-copy-1-1-300x158.jpg 300w, https:\/\/archive.sana.sy\/tr\/wp-content\/uploads\/2023\/01\/4-copy-1-1-150x79.jpg 150w\" sizes=\"auto, (max-width: 660px) 100vw, 660px\" \/><\/a>\n\t\t\t<\/div><\/figure><figure class='gallery-item'>\n\t\t\t<div class='gallery-icon landscape'>\n\t\t\t\t<a href='https:\/\/archive.sana.sy\/tr\/?attachment_id=270538'><img loading=\"lazy\" decoding=\"async\" width=\"660\" height=\"499\" src=\"https:\/\/archive.sana.sy\/tr\/wp-content\/uploads\/2023\/01\/2-copy-1.jpg\" class=\"attachment-full size-full\" alt=\"\" srcset=\"https:\/\/archive.sana.sy\/tr\/wp-content\/uploads\/2023\/01\/2-copy-1.jpg 660w, https:\/\/archive.sana.sy\/tr\/wp-content\/uploads\/2023\/01\/2-copy-1-300x227.jpg 300w, https:\/\/archive.sana.sy\/tr\/wp-content\/uploads\/2023\/01\/2-copy-1-150x113.jpg 150w\" sizes=\"auto, (max-width: 660px) 100vw, 660px\" \/><\/a>\n\t\t\t<\/div><\/figure><figure class='gallery-item'>\n\t\t\t<div class='gallery-icon portrait'>\n\t\t\t\t<a href='https:\/\/archive.sana.sy\/tr\/?attachment_id=270537'><img loading=\"lazy\" decoding=\"async\" width=\"660\" height=\"990\" src=\"https:\/\/archive.sana.sy\/tr\/wp-content\/uploads\/2023\/01\/9-copy.jpg\" class=\"attachment-full size-full\" alt=\"\" srcset=\"https:\/\/archive.sana.sy\/tr\/wp-content\/uploads\/2023\/01\/9-copy.jpg 660w, https:\/\/archive.sana.sy\/tr\/wp-content\/uploads\/2023\/01\/9-copy-200x300.jpg 200w, https:\/\/archive.sana.sy\/tr\/wp-content\/uploads\/2023\/01\/9-copy-100x150.jpg 100w\" sizes=\"auto, (max-width: 660px) 100vw, 660px\" \/><\/a>\n\t\t\t<\/div><\/figure><figure class='gallery-item'>\n\t\t\t<div class='gallery-icon landscape'>\n\t\t\t\t<a href='https:\/\/archive.sana.sy\/tr\/?attachment_id=270533'><img loading=\"lazy\" decoding=\"async\" width=\"660\" height=\"657\" src=\"https:\/\/archive.sana.sy\/tr\/wp-content\/uploads\/2023\/01\/6-copy-1.jpg\" class=\"attachment-full size-full\" alt=\"\" srcset=\"https:\/\/archive.sana.sy\/tr\/wp-content\/uploads\/2023\/01\/6-copy-1.jpg 660w, https:\/\/archive.sana.sy\/tr\/wp-content\/uploads\/2023\/01\/6-copy-1-300x300.jpg 300w, https:\/\/archive.sana.sy\/tr\/wp-content\/uploads\/2023\/01\/6-copy-1-150x150.jpg 150w\" sizes=\"auto, (max-width: 660px) 100vw, 660px\" \/><\/a>\n\t\t\t<\/div><\/figure>\n\t\t<\/div>\n\n<p>R.M.<\/p>\n<p><a href=\"https:\/\/t.me\/SuriyeArapHaberAjansI\">Telgram Kanal\u0131m\u0131z\u00a0<\/a><\/p>\n<p><a href=\"https:\/\/www.facebook.com\/SANAHaberAjansi\/\">Facebook Sayfam\u0131z<\/a><\/p>\n","protected":false},"excerpt":{"rendered":"<p>\u015eAM&#8211; Cumhurba\u015fkan\u0131 Be\u015f\u015far Esad, Birle\u015fik Arap Emirlikleri D\u0131\u015fi\u015fleri ve Uluslararas\u0131 \u0130\u015fbirli\u011fi Bakan\u0131 \u015eeyh Abdullah bin Zayid Al Nahyan ve beraberindeki heyet ile Suriye\u2019yi ve Birle\u015fik Arap Emirlikleri\u2019ni birle\u015ftiren se\u00e7kin karde\u015flik ili\u015fkileri ve aras\u0131nda \u00e7e\u015fitli alanlarda mevcut i\u015fbilri\u011fi ve \u0130ki karde\u015f \u00fclke ve halklar\u0131n yarar\u0131na ekonomik ve ticari ili\u015fkileri geli\u015ftirmenin yollar\u0131n\u0131 g\u00f6r\u00fc\u015ft\u00fc. \u00a0G\u00f6r\u00fc\u015fmede ayr\u0131ca, b\u00f6lgesel ve &hellip;<\/p>\n","protected":false},"author":41,"featured_media":270527,"comment_status":"closed","ping_status":"closed","sticky":false,"template":"","format":"standard","meta":{"footnotes":""},"categories":[608,479,605,17988,478],"tags":[],"class_list":["post-270526","post","type-post","status-publish","format-standard","has-post-thumbnail","","category-etkinlikler","category-haberler-yerel","category-sayin-cumhurbaskani","category-son-haberler","category-yerel"],"_links":{"self":[{"href":"https:\/\/archive.sana.sy\/tr\/index.php?rest_route=\/wp\/v2\/posts\/270526","targetHints":{"allow":["GET"]}}],"collection":[{"href":"https:\/\/archive.sana.sy\/tr\/index.php?rest_route=\/wp\/v2\/posts"}],"about":[{"href":"https:\/\/archive.sana.sy\/tr\/index.php?rest_route=\/wp\/v2\/types\/post"}],"author":[{"embeddable":true,"href":"https:\/\/archive.sana.sy\/tr\/index.php?rest_route=\/wp\/v2\/users\/41"}],"replies":[{"embeddable":true,"href":"https:\/\/archive.sana.sy\/tr\/index.php?rest_route=%2Fwp%2Fv2%2Fcomments&post=270526"}],"version-history":[{"count":0,"href":"https:\/\/archive.sana.sy\/tr\/index.php?rest_route=\/wp\/v2\/posts\/270526\/revisions"}],"wp:featuredmedia":[{"embeddable":true,"href":"https:\/\/archive.sana.sy\/tr\/index.php?rest_route=\/wp\/v2\/media\/270527"}],"wp:attachment":[{"href":"https:\/\/archive.sana.sy\/tr\/index.php?rest_route=%2Fwp%2Fv2%2Fmedia&parent=270526"}],"wp:term":[{"taxonomy":"category","embeddable":true,"href":"https:\/\/archive.sana.sy\/tr\/index.php?rest_route=%2Fwp%2Fv2%2Fcategories&post=270526"},{"taxonomy":"post_tag","embeddable":true,"href":"https:\/\/archive.sana.sy\/tr\/index.php?rest_route=%2Fwp%2Fv2%2Ftags&post=270526"}],"curies":[{"name":"wp","href":"https:\/\/api.w.org\/{rel}","templated":true}]}}