{"id":27054,"date":"2015-03-20T17:09:02","date_gmt":"2015-03-20T15:09:02","guid":{"rendered":"http:\/\/www.sana.sy\/tr\/?p=27054"},"modified":"2015-03-20T17:09:02","modified_gmt":"2015-03-20T15:09:02","slug":"suriye-ve-irakda-2000in-uzerinde-fransiz-terorist-bulundugunu-itiraf-etti","status":"publish","type":"post","link":"https:\/\/archive.sana.sy\/tr\/?p=27054","title":{"rendered":"Suriye ve Irak\u2019da 2000\u2019in \u00dczerinde Frans\u0131z Ter\u00f6rist Bulundu\u011funu \u0130tiraf Etti"},"content":{"rendered":"<p>PAR\u0130S \u2013 Devletinin Suriye ve b\u00f6lgedeki ter\u00f6r olaylar\u0131n\u0131 uzun bir s\u00fcre desteklemesinden sonra Fransa Ba\u015fbakan\u0131 Manuel Valls, yakla\u015f\u0131k 2000 Frans\u0131z ter\u00f6ristin Suriye ve Irak\u2019ta bulundu\u011funu itiraf ederek bu ter\u00f6ristlerin \u00fclkeye d\u00f6n\u00fc\u015f yapmalar\u0131 ihtimaliyle Avrupa\u2019ya uzanan bir ter\u00f6r tehdidi bulundu\u011funu belirtti.<\/p>\n<p>\u0130ngiltere\u2019de yay\u0131nlanan Times gazetesi ge\u00e7ti\u011fimiz ay\u0131n 7\u2019sinde Fransa\u2019n\u0131n g\u00fcney kesiminde yer alan Lunel kentinde ter\u00f6ristlerin \u00f6rg\u00fctlendi\u011fi bir merkez ke\u015ffedildi\u011fine i\u015faret ederek son s\u00fcre\u00e7te Suriye ve Irak\u2019taki silahl\u0131 ter\u00f6r gruplar\u0131na kat\u0131lmak amac\u0131yla Fransa\u2019dan ayr\u0131nla vatanda\u015flar\u0131n say\u0131s\u0131nda art\u0131\u015f g\u00f6r\u00fcld\u00fc\u011f\u00fcn\u00fc belirtti.<\/p>\n<p>D\u00fcn d\u00fczenledi\u011fi bas\u0131n konferans\u0131nda gazetecilerin sorular\u0131n\u0131 cevapland\u0131ran Valls, yani kanun tasar\u0131s\u0131nda istihbarat birimlerine verilen geni\u015f yetkilere i\u015faret ederek Avrupa\u2019n\u0131n genelinde ter\u00f6r tehlikesi nedeniyle kayg\u0131 duydu\u011funu belirtti.<\/p>\n<p>F.B &#8211; R.H.<\/p>\n","protected":false},"excerpt":{"rendered":"<p>PAR\u0130S \u2013 Devletinin Suriye ve b\u00f6lgedeki ter\u00f6r olaylar\u0131n\u0131 uzun bir s\u00fcre desteklemesinden sonra Fransa Ba\u015fbakan\u0131 Manuel Valls, yakla\u015f\u0131k 2000 Frans\u0131z ter\u00f6ristin Suriye ve Irak\u2019ta bulundu\u011funu itiraf ederek bu ter\u00f6ristlerin \u00fclkeye d\u00f6n\u00fc\u015f yapmalar\u0131 ihtimaliyle Avrupa\u2019ya uzanan bir ter\u00f6r tehdidi bulundu\u011funu belirtti. \u0130ngiltere\u2019de yay\u0131nlanan Times gazetesi ge\u00e7ti\u011fimiz ay\u0131n 7\u2019sinde Fransa\u2019n\u0131n g\u00fcney kesiminde yer alan Lunel kentinde ter\u00f6ristlerin &hellip;<\/p>\n","protected":false},"author":1,"featured_media":27055,"comment_status":"closed","ping_status":"closed","sticky":false,"template":"","format":"standard","meta":{"footnotes":""},"categories":[458,459,447],"tags":[12748,12749],"class_list":["post-27054","post","type-post","status-publish","format-standard","has-post-thumbnail","","category-dunya1","category-haberler-arap-uluslararasi-politika","category-politika","tag-suriye-ve-irakda-2000in-uzerinde-fransiz-terorist-bulundugunu-itiraf-etti-paris-devletinin-suriye-ve-bolgedeki-teror-olaylarini-uzun-bir-sure-desteklemesinden-sonra-fransa","tag-yaklasik-2000-fransiz-teroristin-suriye-ve-irakta-bulundugunu-itiraf-ederek-bu-teroristlerin-ulkeye-donus-yapmalari-ihtimaliyle-avrupaya-uzanan-bir-teror-tehdidi-bulundugunu-belirtti"],"_links":{"self":[{"href":"https:\/\/archive.sana.sy\/tr\/index.php?rest_route=\/wp\/v2\/posts\/27054","targetHints":{"allow":["GET"]}}],"collection":[{"href":"https:\/\/archive.sana.sy\/tr\/index.php?rest_route=\/wp\/v2\/posts"}],"about":[{"href":"https:\/\/archive.sana.sy\/tr\/index.php?rest_route=\/wp\/v2\/types\/post"}],"author":[{"embeddable":true,"href":"https:\/\/archive.sana.sy\/tr\/index.php?rest_route=\/wp\/v2\/users\/1"}],"replies":[{"embeddable":true,"href":"https:\/\/archive.sana.sy\/tr\/index.php?rest_route=%2Fwp%2Fv2%2Fcomments&post=27054"}],"version-history":[{"count":0,"href":"https:\/\/archive.sana.sy\/tr\/index.php?rest_route=\/wp\/v2\/posts\/27054\/revisions"}],"wp:featuredmedia":[{"embeddable":true,"href":"https:\/\/archive.sana.sy\/tr\/index.php?rest_route=\/wp\/v2\/media\/27055"}],"wp:attachment":[{"href":"https:\/\/archive.sana.sy\/tr\/index.php?rest_route=%2Fwp%2Fv2%2Fmedia&parent=27054"}],"wp:term":[{"taxonomy":"category","embeddable":true,"href":"https:\/\/archive.sana.sy\/tr\/index.php?rest_route=%2Fwp%2Fv2%2Fcategories&post=27054"},{"taxonomy":"post_tag","embeddable":true,"href":"https:\/\/archive.sana.sy\/tr\/index.php?rest_route=%2Fwp%2Fv2%2Ftags&post=27054"}],"curies":[{"name":"wp","href":"https:\/\/api.w.org\/{rel}","templated":true}]}}